
{"id":55967,"date":"2016-03-09T19:44:23","date_gmt":"2016-03-09T22:44:23","guid":{"rendered":"http:\/\/www.sudoestehoje.com.br\/novoportal\/?p=55967"},"modified":"2016-03-09T19:47:44","modified_gmt":"2016-03-09T22:47:44","slug":"mp-sp-denuncia-ex-presidente-lula-por-lavagem-de-dinheiro-e-falsidade-ideologica","status":"publish","type":"post","link":"https:\/\/www.sudoestehoje.com.br\/novoportal\/2016\/03\/09\/mp-sp-denuncia-ex-presidente-lula-por-lavagem-de-dinheiro-e-falsidade-ideologica\/","title":{"rendered":"MP-SP DENUNCIA EX-PRESIDENTE LULA POR LAVAGEM DE DINHEIRO E FALSIDADE IDEOL\u00d3GICA"},"content":{"rendered":"<p><a href=\"http:\/\/www.sudoestehoje.com.br\/novoportal\/wp-content\/uploads\/2016\/03\/lula1.jpg\" rel=\"attachment wp-att-55968\"><img loading=\"lazy\" decoding=\"async\" class=\"aligncenter size-medium wp-image-55968\" src=\"http:\/\/www.sudoestehoje.com.br\/novoportal\/wp-content\/uploads\/2016\/03\/lula1-500x295.jpg\" alt=\"lula1\" width=\"500\" height=\"295\" srcset=\"https:\/\/www.sudoestehoje.com.br\/novoportal\/wp-content\/uploads\/2016\/03\/lula1-500x295.jpg 500w, https:\/\/www.sudoestehoje.com.br\/novoportal\/wp-content\/uploads\/2016\/03\/lula1-700x413.jpg 700w, https:\/\/www.sudoestehoje.com.br\/novoportal\/wp-content\/uploads\/2016\/03\/lula1.jpg 750w\" sizes=\"auto, (max-width: 500px) 100vw, 500px\" \/><\/a><\/p>\n<p>O Minist\u00e9rio P\u00fablico de S\u00e3o Paulo denunciou \u00e0 Justi\u00e7a nesta quarta-feira (9) o ex-presidente <a class=\"premium-tip\" href=\"http:\/\/g1.globo.com\/tudo-sobre\/luiz-inacio-lula-da-silva\/\">Luiz In\u00e1cio Lula da Silva<\/a> por crime de estelionato, falsidade ideol\u00f3gica , organiza\u00e7\u00e3o criminosa e lavagem de dinheiro por causa da suposta compra do triplex em Guaruj\u00e1. O promotor Cassio Conserino entrou na 4\u00aa Vara Criminal do F\u00f3rum da Barra Funda, de S\u00e3o Paulo, com den\u00fancia criminal contra o ex-presidente Lula.<\/p>\n<p>Segundo o Tribunal de Justi\u00e7a de S\u00e3o Paulo, a den\u00fancia apresentada por Conserino foi distribu\u00edda \u00e0 4\u00aa Vara Criminal. O caso segue sob segredo de justi\u00e7a.<\/p>\n<p>Dezesseis pessoas foram denunciadas, entre elas o ex-presidente Lula, a ex-primeira dama dona Marisa Let\u00edcia e um dos filhos de Lula, Fabio Lu\u00eds Lula da Silva, que seriam benefici\u00e1rios do triplex. Os crimes cometidos em empreendimentos da Bancoop \u2013 cooperativa dos banc\u00e1rios \u2013 que foram repassados posteriormente \u00e0 construtora OAS.<\/p>\n<p>O Instituto Lula negou as acusa\u00e7\u00f5es. \u201cO ex-presidente n\u00e3o cometeu nenhuma ilegalidade e n\u00e3o \u00e9 dono do apartamento no Guaruj\u00e1 nem do s\u00edtio em Atibaia. O promotor Cassio Conserino j\u00e1 tinha anunciado que faria a den\u00fancia no dia 22 de janeiro na revista Veja, o que mostra que ele n\u00e3o \u00e9 imparcial. Al\u00e9m de n\u00e3o ser o promotor natural do caso e haver um recurso no STF sobre a compet\u00eancia desta investiga\u00e7\u00e3o, se \u00e9 do Minist\u00e9rio P\u00fablico Federal ou do Minist\u00e9rio P\u00fablico de S\u00e3o Paulo&#8221;, informou o Instituto \u00e0 GloboNews.<\/p>\n","protected":false},"excerpt":{"rendered":"<p>O Minist\u00e9rio P\u00fablico de S\u00e3o Paulo denunciou \u00e0 Justi\u00e7a nesta quarta-feira (9) o ex-presidente Luiz In\u00e1cio Lula da Silva por crime de estelionato, falsidade ideol\u00f3gica , organiza\u00e7\u00e3o criminosa e lavagem de dinheiro por causa da suposta compra do triplex em Guaruj\u00e1. O promotor Cassio Conserino entrou na 4\u00aa Vara Criminal do F\u00f3rum da Barra Funda, [&hellip;]<\/p>\n","protected":false},"author":2,"featured_media":0,"comment_status":"open","ping_status":"open","sticky":false,"template":"","format":"standard","meta":{"footnotes":"","_links_to":"","_links_to_target":""},"categories":[1],"tags":[],"class_list":["post-55967","post","type-post","status-publish","format-standard","hentry","category-geral"],"views":1443,"_links":{"self":[{"href":"https:\/\/www.sudoestehoje.com.br\/novoportal\/wp-json\/wp\/v2\/posts\/55967","targetHints":{"allow":["GET"]}}],"collection":[{"href":"https:\/\/www.sudoestehoje.com.br\/novoportal\/wp-json\/wp\/v2\/posts"}],"about":[{"href":"https:\/\/www.sudoestehoje.com.br\/novoportal\/wp-json\/wp\/v2\/types\/post"}],"author":[{"embeddable":true,"href":"https:\/\/www.sudoestehoje.com.br\/novoportal\/wp-json\/wp\/v2\/users\/2"}],"replies":[{"embeddable":true,"href":"https:\/\/www.sudoestehoje.com.br\/novoportal\/wp-json\/wp\/v2\/comments?post=55967"}],"version-history":[{"count":3,"href":"https:\/\/www.sudoestehoje.com.br\/novoportal\/wp-json\/wp\/v2\/posts\/55967\/revisions"}],"predecessor-version":[{"id":55971,"href":"https:\/\/www.sudoestehoje.com.br\/novoportal\/wp-json\/wp\/v2\/posts\/55967\/revisions\/55971"}],"wp:attachment":[{"href":"https:\/\/www.sudoestehoje.com.br\/novoportal\/wp-json\/wp\/v2\/media?parent=55967"}],"wp:term":[{"taxonomy":"category","embeddable":true,"href":"https:\/\/www.sudoestehoje.com.br\/novoportal\/wp-json\/wp\/v2\/categories?post=55967"},{"taxonomy":"post_tag","embeddable":true,"href":"https:\/\/www.sudoestehoje.com.br\/novoportal\/wp-json\/wp\/v2\/tags?post=55967"}],"curies":[{"name":"wp","href":"https:\/\/api.w.org\/{rel}","templated":true}]}}