
{"id":55964,"date":"2016-03-09T20:16:18","date_gmt":"2016-03-09T23:16:18","guid":{"rendered":"http:\/\/www.sudoestehoje.com.br\/novoportal\/?p=55964"},"modified":"2016-03-09T20:17:44","modified_gmt":"2016-03-09T23:17:44","slug":"exclusivo-deputado-federal-antonio-brito-confirma-filiacao-ao-psd","status":"publish","type":"post","link":"https:\/\/www.sudoestehoje.com.br\/novoportal\/2016\/03\/09\/exclusivo-deputado-federal-antonio-brito-confirma-filiacao-ao-psd\/","title":{"rendered":"EXCLUSIVO: DEPUTADO FEDERAL ANT\u00d4NIO BRITO CONFIRMA FILIA\u00c7\u00c3O AO PSD"},"content":{"rendered":"<div id=\"attachment_55965\" style=\"width: 511px\" class=\"wp-caption aligncenter\"><a href=\"http:\/\/www.sudoestehoje.com.br\/novoportal\/wp-content\/uploads\/2016\/03\/BRITO-E-EDV.jpeg\" rel=\"attachment wp-att-55965\"><img loading=\"lazy\" decoding=\"async\" aria-describedby=\"caption-attachment-55965\" class=\" wp-image-55965\" src=\"http:\/\/www.sudoestehoje.com.br\/novoportal\/wp-content\/uploads\/2016\/03\/BRITO-E-EDV-500x500.jpeg\" alt=\"ANTONIO E EDVALDO BRITO ASSINAM FICHA DE FILIA\u00c7\u00c3O NA PR\u00d3XIMA SEGUNDA-FEIRA (14)\" width=\"501\" height=\"501\" srcset=\"https:\/\/www.sudoestehoje.com.br\/novoportal\/wp-content\/uploads\/2016\/03\/BRITO-E-EDV-500x500.jpeg 500w, https:\/\/www.sudoestehoje.com.br\/novoportal\/wp-content\/uploads\/2016\/03\/BRITO-E-EDV-150x150.jpeg 150w, https:\/\/www.sudoestehoje.com.br\/novoportal\/wp-content\/uploads\/2016\/03\/BRITO-E-EDV-700x700.jpeg 700w, https:\/\/www.sudoestehoje.com.br\/novoportal\/wp-content\/uploads\/2016\/03\/BRITO-E-EDV.jpeg 720w\" sizes=\"auto, (max-width: 501px) 100vw, 501px\" \/><\/a><p id=\"caption-attachment-55965\" class=\"wp-caption-text\">ANTONIO E EDVALDO BRITO ASSINAM FICHA DE FILIA\u00c7\u00c3O AO PSD NA PR\u00d3XIMA SEGUNDA<\/p><\/div>\n<p>Em contato com a reda\u00e7\u00e3o do Sudoeste Hoje, a assessoria do deputado Ant\u00f4nio Brito confirmou a sua filia\u00e7\u00e3o e do seu pai, o vereador soteropolitano Edvaldo Brito, ao PSD do senador Otto Alencar.<\/p>\n<p>O ato de filia\u00e7\u00e3o dos petebistas ao PSD ocorrer\u00e1 na pr\u00f3xima segunda-feira, em ato pol\u00edtico que dever\u00e1 ocorrer na C\u00e2mara Municipal de Salvador, na parte da manh\u00e3.<\/p>\n<p>Sobre a situa\u00e7\u00e3o do partido em Itapetinga, as assessorias de Otto e Ant\u00f4nio Brito em Brasilia informaram que n\u00e3o acontecer\u00e1 nenhuma mudan\u00e7a dr\u00e1stica e que a tend\u00eancia \u00e9 a uni\u00e3o dos dois grupos pol\u00edticos, em torno de um \u00fanico projeto.<\/p>\n<p>Aguardem mais informa\u00e7\u00f5es.<\/p>\n<p><strong><em>Por Davi Ferraz<\/em><\/strong><\/p>\n<p>&nbsp;<\/p>\n","protected":false},"excerpt":{"rendered":"<p>Em contato com a reda\u00e7\u00e3o do Sudoeste Hoje, a assessoria do deputado Ant\u00f4nio Brito confirmou a sua filia\u00e7\u00e3o e do seu pai, o vereador soteropolitano Edvaldo Brito, ao PSD do senador Otto Alencar. O ato de filia\u00e7\u00e3o dos petebistas ao PSD ocorrer\u00e1 na pr\u00f3xima segunda-feira, em ato pol\u00edtico que dever\u00e1 ocorrer na C\u00e2mara Municipal de [&hellip;]<\/p>\n","protected":false},"author":2,"featured_media":0,"comment_status":"open","ping_status":"open","sticky":false,"template":"","format":"standard","meta":{"footnotes":"","_links_to":"","_links_to_target":""},"categories":[1],"tags":[],"class_list":["post-55964","post","type-post","status-publish","format-standard","hentry","category-geral"],"views":2926,"_links":{"self":[{"href":"https:\/\/www.sudoestehoje.com.br\/novoportal\/wp-json\/wp\/v2\/posts\/55964","targetHints":{"allow":["GET"]}}],"collection":[{"href":"https:\/\/www.sudoestehoje.com.br\/novoportal\/wp-json\/wp\/v2\/posts"}],"about":[{"href":"https:\/\/www.sudoestehoje.com.br\/novoportal\/wp-json\/wp\/v2\/types\/post"}],"author":[{"embeddable":true,"href":"https:\/\/www.sudoestehoje.com.br\/novoportal\/wp-json\/wp\/v2\/users\/2"}],"replies":[{"embeddable":true,"href":"https:\/\/www.sudoestehoje.com.br\/novoportal\/wp-json\/wp\/v2\/comments?post=55964"}],"version-history":[{"count":1,"href":"https:\/\/www.sudoestehoje.com.br\/novoportal\/wp-json\/wp\/v2\/posts\/55964\/revisions"}],"predecessor-version":[{"id":55966,"href":"https:\/\/www.sudoestehoje.com.br\/novoportal\/wp-json\/wp\/v2\/posts\/55964\/revisions\/55966"}],"wp:attachment":[{"href":"https:\/\/www.sudoestehoje.com.br\/novoportal\/wp-json\/wp\/v2\/media?parent=55964"}],"wp:term":[{"taxonomy":"category","embeddable":true,"href":"https:\/\/www.sudoestehoje.com.br\/novoportal\/wp-json\/wp\/v2\/categories?post=55964"},{"taxonomy":"post_tag","embeddable":true,"href":"https:\/\/www.sudoestehoje.com.br\/novoportal\/wp-json\/wp\/v2\/tags?post=55964"}],"curies":[{"name":"wp","href":"https:\/\/api.w.org\/{rel}","templated":true}]}}