
{"id":55956,"date":"2016-03-09T13:24:34","date_gmt":"2016-03-09T16:24:34","guid":{"rendered":"http:\/\/www.sudoestehoje.com.br\/novoportal\/?p=55956"},"modified":"2016-03-09T17:22:10","modified_gmt":"2016-03-09T20:22:10","slug":"lava-jato-para-escapar-da-prisao-lula-pode-assumir-ministerio","status":"publish","type":"post","link":"https:\/\/www.sudoestehoje.com.br\/novoportal\/2016\/03\/09\/lava-jato-para-escapar-da-prisao-lula-pode-assumir-ministerio\/","title":{"rendered":"LAVA JATO: PARA ESCAPAR DA PRIS\u00c3O, LULA PODE ASSUMIR MINIST\u00c9RIO"},"content":{"rendered":"<p><a href=\"http:\/\/www.sudoestehoje.com.br\/novoportal\/wp-content\/uploads\/2016\/03\/LULA-MINISTRO.jpeg\" rel=\"attachment wp-att-55957\"><img loading=\"lazy\" decoding=\"async\" class=\"aligncenter size-medium wp-image-55957\" src=\"http:\/\/www.sudoestehoje.com.br\/novoportal\/wp-content\/uploads\/2016\/03\/LULA-MINISTRO-500x375.jpeg\" alt=\"LULA MINISTRO\" width=\"500\" height=\"375\" srcset=\"https:\/\/www.sudoestehoje.com.br\/novoportal\/wp-content\/uploads\/2016\/03\/LULA-MINISTRO-500x375.jpeg 500w, https:\/\/www.sudoestehoje.com.br\/novoportal\/wp-content\/uploads\/2016\/03\/LULA-MINISTRO.jpeg 690w\" sizes=\"auto, (max-width: 500px) 100vw, 500px\" \/><\/a><\/p>\n<p>Com o cerco da Pol\u00edcia Federal se fechando contra Lula, o PT est\u00e1 pressionando o ex-presidente para que ele assuma um minist\u00e9rio, a fim de conseguir foro privilegiado. A estrat\u00e9gia \u00e9 que, se ocupar uma pasta, o petista n\u00e3o ficar\u00e1 nas m\u00e3os do juiz Sergio Moro, que conduz os processos da Lava Jato em Curitiba (PR) e foi quem expediu o mandado de condu\u00e7\u00e3o coercitiva contra o petista, na \u00faltima sexta-feira, no \u00e2mbito da 24\u00aa fase da opera\u00e7\u00e3o.<\/p>\n<p>O assunto foi tratado em uma reuni\u00e3o na noite desta ter\u00e7a-feira entre Lula, Dilma e ministros, no Pal\u00e1cio da Alvorada, em Bras\u00edlia. &#8220;Aumentou no PT a press\u00e3o para que Lula assuma um minist\u00e9rio, para tentar tamb\u00e9m esbo\u00e7ar uma rea\u00e7\u00e3o do governo \u00e0s arbitrariedades que est\u00e3o ocorrendo&#8221;, afirmou um amigo do ex-presidente.<\/p>\n<p>Lula, por\u00e9m, est\u00e1 resistindo \u00e0 ideia. Ele n\u00e3o quer aceitar nenhum cargo no governo sob o argumento de que isso passaria a impress\u00e3o de confiss\u00e3o de culpa. Apesar da press\u00e3o, Lula tem feito um diagn\u00f3stico positivo sobre a a\u00e7\u00e3o da Lava Jato. &#8220;A partir de agora, se me prenderem, eu viro her\u00f3i. Se me matarem, viro m\u00e1rtir. E, se me deixarem solto, viro presidente de novo&#8221;, disse Lula a mais de um interlocutor. <em>(Com Estad\u00e3o Conte\u00fado)<\/em><\/p>\n","protected":false},"excerpt":{"rendered":"<p>Com o cerco da Pol\u00edcia Federal se fechando contra Lula, o PT est\u00e1 pressionando o ex-presidente para que ele assuma um minist\u00e9rio, a fim de conseguir foro privilegiado. A estrat\u00e9gia \u00e9 que, se ocupar uma pasta, o petista n\u00e3o ficar\u00e1 nas m\u00e3os do juiz Sergio Moro, que conduz os processos da Lava Jato em Curitiba [&hellip;]<\/p>\n","protected":false},"author":2,"featured_media":0,"comment_status":"open","ping_status":"open","sticky":false,"template":"","format":"standard","meta":{"footnotes":"","_links_to":"","_links_to_target":""},"categories":[1],"tags":[],"class_list":["post-55956","post","type-post","status-publish","format-standard","hentry","category-geral"],"views":1855,"_links":{"self":[{"href":"https:\/\/www.sudoestehoje.com.br\/novoportal\/wp-json\/wp\/v2\/posts\/55956","targetHints":{"allow":["GET"]}}],"collection":[{"href":"https:\/\/www.sudoestehoje.com.br\/novoportal\/wp-json\/wp\/v2\/posts"}],"about":[{"href":"https:\/\/www.sudoestehoje.com.br\/novoportal\/wp-json\/wp\/v2\/types\/post"}],"author":[{"embeddable":true,"href":"https:\/\/www.sudoestehoje.com.br\/novoportal\/wp-json\/wp\/v2\/users\/2"}],"replies":[{"embeddable":true,"href":"https:\/\/www.sudoestehoje.com.br\/novoportal\/wp-json\/wp\/v2\/comments?post=55956"}],"version-history":[{"count":2,"href":"https:\/\/www.sudoestehoje.com.br\/novoportal\/wp-json\/wp\/v2\/posts\/55956\/revisions"}],"predecessor-version":[{"id":55960,"href":"https:\/\/www.sudoestehoje.com.br\/novoportal\/wp-json\/wp\/v2\/posts\/55956\/revisions\/55960"}],"wp:attachment":[{"href":"https:\/\/www.sudoestehoje.com.br\/novoportal\/wp-json\/wp\/v2\/media?parent=55956"}],"wp:term":[{"taxonomy":"category","embeddable":true,"href":"https:\/\/www.sudoestehoje.com.br\/novoportal\/wp-json\/wp\/v2\/categories?post=55956"},{"taxonomy":"post_tag","embeddable":true,"href":"https:\/\/www.sudoestehoje.com.br\/novoportal\/wp-json\/wp\/v2\/tags?post=55956"}],"curies":[{"name":"wp","href":"https:\/\/api.w.org\/{rel}","templated":true}]}}