
{"id":55950,"date":"2016-03-08T11:30:35","date_gmt":"2016-03-08T14:30:35","guid":{"rendered":"http:\/\/www.sudoestehoje.com.br\/novoportal\/?p=55950"},"modified":"2016-03-08T11:30:35","modified_gmt":"2016-03-08T14:30:35","slug":"urgente-justica-federal-condena-marcelo-odebrecht-a-19-anos-de-prisao-em-acao-da-lava-jato","status":"publish","type":"post","link":"https:\/\/www.sudoestehoje.com.br\/novoportal\/2016\/03\/08\/urgente-justica-federal-condena-marcelo-odebrecht-a-19-anos-de-prisao-em-acao-da-lava-jato\/","title":{"rendered":"URGENTE! JUSTI\u00c7A FEDERAL CONDENA MARCELO ODEBRECHT A 19 ANOS DE PRIS\u00c3O EM A\u00c7\u00c3O DA LAVA JATO"},"content":{"rendered":"<p><a href=\"http:\/\/www.sudoestehoje.com.br\/novoportal\/wp-content\/uploads\/2016\/03\/MARCELO.jpg\" rel=\"attachment wp-att-55951\"><img loading=\"lazy\" decoding=\"async\" class=\"aligncenter size-medium wp-image-55951\" src=\"http:\/\/www.sudoestehoje.com.br\/novoportal\/wp-content\/uploads\/2016\/03\/MARCELO-500x335.jpg\" alt=\"MARCELO\" width=\"500\" height=\"335\" srcset=\"https:\/\/www.sudoestehoje.com.br\/novoportal\/wp-content\/uploads\/2016\/03\/MARCELO-500x335.jpg 500w, https:\/\/www.sudoestehoje.com.br\/novoportal\/wp-content\/uploads\/2016\/03\/MARCELO.jpg 620w\" sizes=\"auto, (max-width: 500px) 100vw, 500px\" \/><\/a><\/p>\n<p>A Justi\u00e7a Federal condenou nesta ter\u00e7a-feira (8) o empres\u00e1rio Marcelo Odebrecht a 19 anos e quatro meses de pris\u00e3o por crimes envolvendo o esquema de corrup\u00e7\u00e3o descoberto na Petrobras pela Opera\u00e7\u00e3o Lava Jato. O dono da maior empreiteira do pa\u00eds foi condenado por crimes como corrup\u00e7\u00e3o passiva, lavagem de dinheiro e associa\u00e7\u00e3o criminosa.<\/p>\n<p>Os executivos M\u00e1rcio Faria da Silva, Rog\u00e9rio Santos de Ara\u00fajo, Cesar Ramos Rocha e<br \/>\nAlexandrino de Salles Ramos de Alencar, bem como os ex-diretores da estatal Renato Duque, Pedro Jos\u00e9 Barusco Filho, Paulo Roberto Costa tamb\u00e9m foram condenados na mesma a\u00e7\u00e3o penal. G1<\/p>\n","protected":false},"excerpt":{"rendered":"<p>A Justi\u00e7a Federal condenou nesta ter\u00e7a-feira (8) o empres\u00e1rio Marcelo Odebrecht a 19 anos e quatro meses de pris\u00e3o por crimes envolvendo o esquema de corrup\u00e7\u00e3o descoberto na Petrobras pela Opera\u00e7\u00e3o Lava Jato. O dono da maior empreiteira do pa\u00eds foi condenado por crimes como corrup\u00e7\u00e3o passiva, lavagem de dinheiro e associa\u00e7\u00e3o criminosa. Os executivos [&hellip;]<\/p>\n","protected":false},"author":2,"featured_media":0,"comment_status":"open","ping_status":"open","sticky":false,"template":"","format":"standard","meta":{"footnotes":"","_links_to":"","_links_to_target":""},"categories":[1],"tags":[],"class_list":["post-55950","post","type-post","status-publish","format-standard","hentry","category-geral"],"views":1429,"_links":{"self":[{"href":"https:\/\/www.sudoestehoje.com.br\/novoportal\/wp-json\/wp\/v2\/posts\/55950","targetHints":{"allow":["GET"]}}],"collection":[{"href":"https:\/\/www.sudoestehoje.com.br\/novoportal\/wp-json\/wp\/v2\/posts"}],"about":[{"href":"https:\/\/www.sudoestehoje.com.br\/novoportal\/wp-json\/wp\/v2\/types\/post"}],"author":[{"embeddable":true,"href":"https:\/\/www.sudoestehoje.com.br\/novoportal\/wp-json\/wp\/v2\/users\/2"}],"replies":[{"embeddable":true,"href":"https:\/\/www.sudoestehoje.com.br\/novoportal\/wp-json\/wp\/v2\/comments?post=55950"}],"version-history":[{"count":1,"href":"https:\/\/www.sudoestehoje.com.br\/novoportal\/wp-json\/wp\/v2\/posts\/55950\/revisions"}],"predecessor-version":[{"id":55952,"href":"https:\/\/www.sudoestehoje.com.br\/novoportal\/wp-json\/wp\/v2\/posts\/55950\/revisions\/55952"}],"wp:attachment":[{"href":"https:\/\/www.sudoestehoje.com.br\/novoportal\/wp-json\/wp\/v2\/media?parent=55950"}],"wp:term":[{"taxonomy":"category","embeddable":true,"href":"https:\/\/www.sudoestehoje.com.br\/novoportal\/wp-json\/wp\/v2\/categories?post=55950"},{"taxonomy":"post_tag","embeddable":true,"href":"https:\/\/www.sudoestehoje.com.br\/novoportal\/wp-json\/wp\/v2\/tags?post=55950"}],"curies":[{"name":"wp","href":"https:\/\/api.w.org\/{rel}","templated":true}]}}