
{"id":55945,"date":"2016-03-08T00:40:21","date_gmt":"2016-03-08T03:40:21","guid":{"rendered":"http:\/\/www.sudoestehoje.com.br\/novoportal\/?p=55945"},"modified":"2016-03-08T00:40:21","modified_gmt":"2016-03-08T03:40:21","slug":"herzem-gusmao-retoma-discussao-sobre-saude-em-vitoria-da-conquista","status":"publish","type":"post","link":"https:\/\/www.sudoestehoje.com.br\/novoportal\/2016\/03\/08\/herzem-gusmao-retoma-discussao-sobre-saude-em-vitoria-da-conquista\/","title":{"rendered":"HERZEM GUSM\u00c3O RETOMA DISCUSS\u00c3O SOBRE SA\u00daDE EM VIT\u00d3RIA DA CONQUISTA"},"content":{"rendered":"<p><a href=\"http:\/\/www.sudoestehoje.com.br\/novoportal\/wp-content\/uploads\/2016\/03\/COMISS\u00c3O-SA\u00daDE.jpg\" rel=\"attachment wp-att-55947\"><img loading=\"lazy\" decoding=\"async\" class=\"aligncenter size-medium wp-image-55947\" src=\"http:\/\/www.sudoestehoje.com.br\/novoportal\/wp-content\/uploads\/2016\/03\/COMISS\u00c3O-SA\u00daDE-500x332.jpg\" alt=\"COMISS\u00c3O SA\u00daDE\" width=\"500\" height=\"332\" srcset=\"https:\/\/www.sudoestehoje.com.br\/novoportal\/wp-content\/uploads\/2016\/03\/COMISS\u00c3O-SA\u00daDE-500x332.jpg 500w, https:\/\/www.sudoestehoje.com.br\/novoportal\/wp-content\/uploads\/2016\/03\/COMISS\u00c3O-SA\u00daDE-768x510.jpg 768w, https:\/\/www.sudoestehoje.com.br\/novoportal\/wp-content\/uploads\/2016\/03\/COMISS\u00c3O-SA\u00daDE-700x464.jpg 700w, https:\/\/www.sudoestehoje.com.br\/novoportal\/wp-content\/uploads\/2016\/03\/COMISS\u00c3O-SA\u00daDE.jpg 960w\" sizes=\"auto, (max-width: 500px) 100vw, 500px\" \/><\/a><\/p>\n<p id=\"yui_3_16_0_1_1457407770201_2092\"><span id=\"yui_3_16_0_1_1457407770201_2091\">Durante a instala\u00e7\u00e3o da Comiss\u00e3o de Sa\u00fade e Saneamento B\u00e1sico, o Deputado Estadual Herzem Gusm\u00e3o (PMDB) retomou a discuss\u00e3o sobre a situa\u00e7\u00e3o da sa\u00fade em Vit\u00f3ria da Conquista. O munic\u00edpio ocupa uma triste posi\u00e7\u00e3o entre as cidades do Brasil, com\u00a0um SUS mal avaliado.<\/span><\/p>\n<p id=\"yui_3_16_0_1_1457407770201_2287\"><span id=\"yui_3_16_0_1_1457407770201_2286\">Durante seu discurso, o parlamentar falou que o PT, ao longo desses 20 anos,<a rel=\"nofollow\" name=\"1664006246__GoBack\"><\/a> estagnou a sa\u00fade em Vit\u00f3ria da Conquista. &#8220;O\u00a0Programa de\u00a0Sa\u00fade da\u00a0Fam\u00edlia, implementado por Dr. David Capistrano teve uma boa atua\u00e7\u00e3o no in\u00edcio, mas isso de l\u00e1 para c\u00e1 se perdeu. Conquista continua praticamente com as mesmas equipes deixadas por Dr. Jos\u00e9 Serra quando ministro. Eram 33 e aumentou apenas mais\u00a0oito, ficando apenas com\u00a041, o que muito pouco levando em considera\u00e7\u00e3o a popula\u00e7\u00e3o local&#8221;, falou.<\/span><\/p>\n<p id=\"yui_3_16_0_1_1457407770201_2291\"><span id=\"yui_3_16_0_1_1457407770201_2290\">Herzem ainda declarou que o PT ao longo desses anos matou\u00a0Aten\u00e7\u00e3o\u00a0B\u00e1sica, e com isso, as unidades hospitalares est\u00e3o sobrecarregadas. Nesse per\u00edodo, foram desativados dois hospitais, a Cupe \u2013 Cl\u00ednica de Urg\u00eancia Pedi\u00e1trica, que por uma quest\u00e3o pol\u00edtica, foi perseguido e descredenciado pelo SUS. O PT tamb\u00e9m desativou o Hospital\u00a0Cresc\u00eancio\u00a0Silveira, o segundo mais antigo da cidade e privatizou o\u00a0Esa\u00fa Matos.<\/span><\/p>\n<p><img loading=\"lazy\" decoding=\"async\" class=\"aligncenter\" src=\"http:\/\/www.sudoestehoje.com.br\/novoportal\/wp-content\/uploads\/2014\/12\/Banner-Casabella-500x104.jpg\" alt=\"\" width=\"500\" height=\"104\" \/><\/p>\n","protected":false},"excerpt":{"rendered":"<p>Durante a instala\u00e7\u00e3o da Comiss\u00e3o de Sa\u00fade e Saneamento B\u00e1sico, o Deputado Estadual Herzem Gusm\u00e3o (PMDB) retomou a discuss\u00e3o sobre a situa\u00e7\u00e3o da sa\u00fade em Vit\u00f3ria da Conquista. O munic\u00edpio ocupa uma triste posi\u00e7\u00e3o entre as cidades do Brasil, com\u00a0um SUS mal avaliado. Durante seu discurso, o parlamentar falou que o PT, ao longo desses [&hellip;]<\/p>\n","protected":false},"author":2,"featured_media":0,"comment_status":"open","ping_status":"open","sticky":false,"template":"","format":"standard","meta":{"footnotes":"","_links_to":"","_links_to_target":""},"categories":[1],"tags":[],"class_list":["post-55945","post","type-post","status-publish","format-standard","hentry","category-geral"],"views":1272,"_links":{"self":[{"href":"https:\/\/www.sudoestehoje.com.br\/novoportal\/wp-json\/wp\/v2\/posts\/55945","targetHints":{"allow":["GET"]}}],"collection":[{"href":"https:\/\/www.sudoestehoje.com.br\/novoportal\/wp-json\/wp\/v2\/posts"}],"about":[{"href":"https:\/\/www.sudoestehoje.com.br\/novoportal\/wp-json\/wp\/v2\/types\/post"}],"author":[{"embeddable":true,"href":"https:\/\/www.sudoestehoje.com.br\/novoportal\/wp-json\/wp\/v2\/users\/2"}],"replies":[{"embeddable":true,"href":"https:\/\/www.sudoestehoje.com.br\/novoportal\/wp-json\/wp\/v2\/comments?post=55945"}],"version-history":[{"count":1,"href":"https:\/\/www.sudoestehoje.com.br\/novoportal\/wp-json\/wp\/v2\/posts\/55945\/revisions"}],"predecessor-version":[{"id":55949,"href":"https:\/\/www.sudoestehoje.com.br\/novoportal\/wp-json\/wp\/v2\/posts\/55945\/revisions\/55949"}],"wp:attachment":[{"href":"https:\/\/www.sudoestehoje.com.br\/novoportal\/wp-json\/wp\/v2\/media?parent=55945"}],"wp:term":[{"taxonomy":"category","embeddable":true,"href":"https:\/\/www.sudoestehoje.com.br\/novoportal\/wp-json\/wp\/v2\/categories?post=55945"},{"taxonomy":"post_tag","embeddable":true,"href":"https:\/\/www.sudoestehoje.com.br\/novoportal\/wp-json\/wp\/v2\/tags?post=55945"}],"curies":[{"name":"wp","href":"https:\/\/api.w.org\/{rel}","templated":true}]}}