
{"id":55907,"date":"2016-03-07T11:12:57","date_gmt":"2016-03-07T14:12:57","guid":{"rendered":"http:\/\/www.sudoestehoje.com.br\/novoportal\/?p=55907"},"modified":"2016-03-07T11:40:42","modified_gmt":"2016-03-07T14:40:42","slug":"eleicoes-situacao-do-pcdob-em-itapetinga-e-delicada","status":"publish","type":"post","link":"https:\/\/www.sudoestehoje.com.br\/novoportal\/2016\/03\/07\/eleicoes-situacao-do-pcdob-em-itapetinga-e-delicada\/","title":{"rendered":"ELEI\u00c7\u00d5ES: SITUA\u00c7\u00c3O DO PCdoB EM ITAPETINGA \u00c9 DELICADA"},"content":{"rendered":"<p><a href=\"http:\/\/www.sudoestehoje.com.br\/novoportal\/wp-content\/uploads\/2016\/03\/gilson.jpg\" rel=\"attachment wp-att-55908\"><img loading=\"lazy\" decoding=\"async\" class=\"aligncenter wp-image-55908\" src=\"http:\/\/www.sudoestehoje.com.br\/novoportal\/wp-content\/uploads\/2016\/03\/gilson.jpg\" alt=\"gilson\" width=\"499\" height=\"374\" \/><\/a><\/p>\n<p>Dentre os partidos que t\u00eam representa\u00e7\u00e3o na C\u00e2mara de Vereadores, a situa\u00e7\u00e3o mais delicada \u00e9 a do PCdoB, que corre s\u00e9rio risco de n\u00e3o reeleger o \u00fanico vereador que tem na Casa, o atuante Renan Coelho.<\/p>\n<p>Sem quadros para lan\u00e7ar candidaturas pr\u00f3prias a prefeito e vice, o PCdoB de Itapetinga sempre se aliou a outras agremia\u00e7\u00f5es, compondo as chapas para elei\u00e7\u00f5es proporcionais, em coliga\u00e7\u00f5es que lhes foram favor\u00e1veis, nas tr\u00eas \u00faltimas elei\u00e7\u00f5es.<\/p>\n<p>Desta forma, os comunistas conseguiram eleger Gilson de Jesus, Jerisvaldo Pereira e o atual vereador Renan Coelho, que se elegeu no v\u00e1cuo de Gilson, quando este decidiu compor a chapa majorit\u00e1ria do PMDB, como candidato a vice-prefeito.<\/p>\n<p>Para as elei\u00e7\u00f5es deste ano, entretanto, o PCdoB corre o risco de n\u00e3o fazer nenhum vereador, j\u00e1 que ainda n\u00e3o conseguiu se encaixar em um grupo forte o suficiente para reeleger Renan ou eleger outro representante que o partido possa escolher para disputar uma vaga na c\u00e2mara.<\/p>\n<p>Fala-se em uma candidatura a prefeito de Gilson de Jesus, o que \u00e9 pouco prov\u00e1vel, a essa altura do campeonato. Pela sua tradi\u00e7\u00e3o e combatividade, seria uma pena se o PCdoB ficasse sem o seu \u00fanico representante no legislativo municipal.<\/p>\n<p><strong><em>Por Davi Ferraz<\/em><\/strong><\/p>\n<p><strong><img decoding=\"async\" class=\"aligncenter\" src=\"http:\/\/www.sudoestehoje.com.br\/novoportal\/wp-content\/uploads\/2014\/12\/skala-novo.jpg\" alt=\"\" \/><\/strong><\/p>\n","protected":false},"excerpt":{"rendered":"<p>Dentre os partidos que t\u00eam representa\u00e7\u00e3o na C\u00e2mara de Vereadores, a situa\u00e7\u00e3o mais delicada \u00e9 a do PCdoB, que corre s\u00e9rio risco de n\u00e3o reeleger o \u00fanico vereador que tem na Casa, o atuante Renan Coelho. Sem quadros para lan\u00e7ar candidaturas pr\u00f3prias a prefeito e vice, o PCdoB de Itapetinga sempre se aliou a outras [&hellip;]<\/p>\n","protected":false},"author":2,"featured_media":0,"comment_status":"open","ping_status":"open","sticky":false,"template":"","format":"standard","meta":{"footnotes":"","_links_to":"","_links_to_target":""},"categories":[1],"tags":[],"class_list":["post-55907","post","type-post","status-publish","format-standard","hentry","category-geral"],"views":1434,"_links":{"self":[{"href":"https:\/\/www.sudoestehoje.com.br\/novoportal\/wp-json\/wp\/v2\/posts\/55907","targetHints":{"allow":["GET"]}}],"collection":[{"href":"https:\/\/www.sudoestehoje.com.br\/novoportal\/wp-json\/wp\/v2\/posts"}],"about":[{"href":"https:\/\/www.sudoestehoje.com.br\/novoportal\/wp-json\/wp\/v2\/types\/post"}],"author":[{"embeddable":true,"href":"https:\/\/www.sudoestehoje.com.br\/novoportal\/wp-json\/wp\/v2\/users\/2"}],"replies":[{"embeddable":true,"href":"https:\/\/www.sudoestehoje.com.br\/novoportal\/wp-json\/wp\/v2\/comments?post=55907"}],"version-history":[{"count":6,"href":"https:\/\/www.sudoestehoje.com.br\/novoportal\/wp-json\/wp\/v2\/posts\/55907\/revisions"}],"predecessor-version":[{"id":55914,"href":"https:\/\/www.sudoestehoje.com.br\/novoportal\/wp-json\/wp\/v2\/posts\/55907\/revisions\/55914"}],"wp:attachment":[{"href":"https:\/\/www.sudoestehoje.com.br\/novoportal\/wp-json\/wp\/v2\/media?parent=55907"}],"wp:term":[{"taxonomy":"category","embeddable":true,"href":"https:\/\/www.sudoestehoje.com.br\/novoportal\/wp-json\/wp\/v2\/categories?post=55907"},{"taxonomy":"post_tag","embeddable":true,"href":"https:\/\/www.sudoestehoje.com.br\/novoportal\/wp-json\/wp\/v2\/tags?post=55907"}],"curies":[{"name":"wp","href":"https:\/\/api.w.org\/{rel}","templated":true}]}}