
{"id":55903,"date":"2016-03-07T09:18:35","date_gmt":"2016-03-07T12:18:35","guid":{"rendered":"http:\/\/www.sudoestehoje.com.br\/novoportal\/?p=55903"},"modified":"2016-03-07T09:52:56","modified_gmt":"2016-03-07T12:52:56","slug":"wagner-e-hostilizado-em-restaurante-e-chama-cliente-de-vagamento","status":"publish","type":"post","link":"https:\/\/www.sudoestehoje.com.br\/novoportal\/2016\/03\/07\/wagner-e-hostilizado-em-restaurante-e-chama-cliente-de-vagamento\/","title":{"rendered":"WAGNER \u00c9 HOSTILIZADO EM RESTAURANTE E CHAMA CLIENTE DE &#8220;VAGABUNDO&#8221;"},"content":{"rendered":"<p><a href=\"http:\/\/www.sudoestehoje.com.br\/novoportal\/wp-content\/uploads\/2016\/03\/wagner.jpg\" rel=\"attachment wp-att-55904\"><img loading=\"lazy\" decoding=\"async\" class=\"aligncenter size-medium wp-image-55904\" src=\"http:\/\/www.sudoestehoje.com.br\/novoportal\/wp-content\/uploads\/2016\/03\/wagner-500x349.jpg\" alt=\"wagner\" width=\"500\" height=\"349\" srcset=\"https:\/\/www.sudoestehoje.com.br\/novoportal\/wp-content\/uploads\/2016\/03\/wagner-500x349.jpg 500w, https:\/\/www.sudoestehoje.com.br\/novoportal\/wp-content\/uploads\/2016\/03\/wagner.jpg 600w\" sizes=\"auto, (max-width: 500px) 100vw, 500px\" \/><\/a><\/p>\n<p>O ministro-chefe da Casa Civil, Jaques Wagner, foi hostilizado neste domingo (7) em um restaurante de Bras\u00edlia. De acordo com o jornal Estad\u00e3o, ao sair do estabelecimento acompanhado da sua mulher, F\u00e1tima, um cliente gritou: \u201cFora PT\u201d. O protesto acabou acompanhado por outros presentes que, em coro, come\u00e7aram a entoar \u201cFora!\u201d, \u201cLadr\u00f5es!\u201d. Irritado, o ministro rebateu, tamb\u00e9m aos gritos: \u201cVoc\u00eas n\u00e3o estudaram? Vagabundos, mal-educados, fascistas\u201d.<\/p>\n<p>A assessoria de Wagner confirmou o ocorrido \u00e0 reportagem e informou que ele classificou o epis\u00f3dio como \u201cintoler\u00e2ncia\u201d e \u201cfalta de respeito\u201d. Para o petista, \u201c\u00e9 preciso ter educa\u00e7\u00e3o democr\u00e1tica , conviver com as diferen\u00e7as sem discriminar ou ofender gratuitamente\u201d.<\/p>\n<p>O ex-governador da Bahia ficou \u201cmuito chateado\u201d e considerou o gesto um \u201cdesrespeito \u00e0 sua mulher\u201d. A confus\u00e3o gerou mal-estar no local.<\/p>\n<p><img decoding=\"async\" class=\"aligncenter\" src=\"http:\/\/www.sudoestehoje.com.br\/novoportal\/wp-content\/uploads\/2014\/09\/supermoda.png\" alt=\"supermoda\" \/><\/p>\n","protected":false},"excerpt":{"rendered":"<p>O ministro-chefe da Casa Civil, Jaques Wagner, foi hostilizado neste domingo (7) em um restaurante de Bras\u00edlia. De acordo com o jornal Estad\u00e3o, ao sair do estabelecimento acompanhado da sua mulher, F\u00e1tima, um cliente gritou: \u201cFora PT\u201d. O protesto acabou acompanhado por outros presentes que, em coro, come\u00e7aram a entoar \u201cFora!\u201d, \u201cLadr\u00f5es!\u201d. Irritado, o ministro [&hellip;]<\/p>\n","protected":false},"author":2,"featured_media":0,"comment_status":"open","ping_status":"open","sticky":false,"template":"","format":"standard","meta":{"footnotes":"","_links_to":"","_links_to_target":""},"categories":[1],"tags":[],"class_list":["post-55903","post","type-post","status-publish","format-standard","hentry","category-geral"],"views":2087,"_links":{"self":[{"href":"https:\/\/www.sudoestehoje.com.br\/novoportal\/wp-json\/wp\/v2\/posts\/55903","targetHints":{"allow":["GET"]}}],"collection":[{"href":"https:\/\/www.sudoestehoje.com.br\/novoportal\/wp-json\/wp\/v2\/posts"}],"about":[{"href":"https:\/\/www.sudoestehoje.com.br\/novoportal\/wp-json\/wp\/v2\/types\/post"}],"author":[{"embeddable":true,"href":"https:\/\/www.sudoestehoje.com.br\/novoportal\/wp-json\/wp\/v2\/users\/2"}],"replies":[{"embeddable":true,"href":"https:\/\/www.sudoestehoje.com.br\/novoportal\/wp-json\/wp\/v2\/comments?post=55903"}],"version-history":[{"count":2,"href":"https:\/\/www.sudoestehoje.com.br\/novoportal\/wp-json\/wp\/v2\/posts\/55903\/revisions"}],"predecessor-version":[{"id":55906,"href":"https:\/\/www.sudoestehoje.com.br\/novoportal\/wp-json\/wp\/v2\/posts\/55903\/revisions\/55906"}],"wp:attachment":[{"href":"https:\/\/www.sudoestehoje.com.br\/novoportal\/wp-json\/wp\/v2\/media?parent=55903"}],"wp:term":[{"taxonomy":"category","embeddable":true,"href":"https:\/\/www.sudoestehoje.com.br\/novoportal\/wp-json\/wp\/v2\/categories?post=55903"},{"taxonomy":"post_tag","embeddable":true,"href":"https:\/\/www.sudoestehoje.com.br\/novoportal\/wp-json\/wp\/v2\/tags?post=55903"}],"curies":[{"name":"wp","href":"https:\/\/api.w.org\/{rel}","templated":true}]}}