
{"id":5589,"date":"2011-06-09T00:41:22","date_gmt":"2011-06-09T03:41:22","guid":{"rendered":"http:\/\/www.sudoestehoje.com.br\/novoportal\/?p=5589"},"modified":"2011-06-09T00:41:22","modified_gmt":"2011-06-09T03:41:22","slug":"vascao-sofre-mas-e-campeao","status":"publish","type":"post","link":"https:\/\/www.sudoestehoje.com.br\/novoportal\/2011\/06\/09\/vascao-sofre-mas-e-campeao\/","title":{"rendered":"VASC\u00c3O SOFRE MAS \u00c9 CAMPE\u00c3O!"},"content":{"rendered":"<div>\n<div>\n<div>\n<div>\u00a0<\/div>\n<p style=\"text-align: center;\"><img loading=\"lazy\" decoding=\"async\" src=\"http:\/\/terceirotempo.ig.com.br\/img\/upload\/site.destaque_materia\/45981_556.jpg\" alt=\"\" width=\"390\" height=\"302\" \/><\/p>\n<div style=\"text-align: center;\"><em><strong>Jogadores do Vasco comemoram a conquista do t\u00edtulo<\/strong><\/em><\/div>\n<div>O Vasco \u00e9 campe\u00e3o da Copa do Brasil 2011. Em partida eletrizante no Couto Pereira nesta quarta-feira, o Coritiba venceu por 3 a 2, mas, como havia perdido por 1 a 0 no Rio de Janeiro, os gols fora de casa falaram mais alto, e o Cruzmaltino levantou o caneco pela primeira vez em sua hist\u00f3ria. O Coxa foi valente, correu atr\u00e1s do t\u00edtulo durante todo o tempo, mas faltou criatividade ofensiva para furar a boa marca\u00e7\u00e3o vasca\u00edna.<\/p>\n<p>Ap\u00f3s um come\u00e7o de temporada tenebroso para o time carioca, com a elimina\u00e7\u00e3o precoce na Ta\u00e7a Guanabara, a equipe cresceu com a chegada do t\u00e9cnico Ricardo Gomes e conquista o t\u00edtulo mais importante do futebol nacional no primeiro semestre. De quebra, ainda garante vaga direta na fase de grupos da pr\u00f3xima Copa Libertadores da Am\u00e9rica.<br \/>\n\u00a0<\/p><\/div>\n<\/div>\n<\/div>\n<\/div>\n","protected":false},"excerpt":{"rendered":"<p>\u00a0 Jogadores do Vasco comemoram a conquista do t\u00edtulo O Vasco \u00e9 campe\u00e3o da Copa do Brasil 2011. Em partida eletrizante no Couto Pereira nesta quarta-feira, o Coritiba venceu por 3 a 2, mas, como havia perdido por 1 a 0 no Rio de Janeiro, os gols fora de casa falaram mais alto, e o [&hellip;]<\/p>\n","protected":false},"author":2,"featured_media":0,"comment_status":"open","ping_status":"open","sticky":false,"template":"","format":"standard","meta":{"footnotes":"","_links_to":"","_links_to_target":""},"categories":[1],"tags":[],"class_list":["post-5589","post","type-post","status-publish","format-standard","hentry","category-geral"],"views":1166,"_links":{"self":[{"href":"https:\/\/www.sudoestehoje.com.br\/novoportal\/wp-json\/wp\/v2\/posts\/5589","targetHints":{"allow":["GET"]}}],"collection":[{"href":"https:\/\/www.sudoestehoje.com.br\/novoportal\/wp-json\/wp\/v2\/posts"}],"about":[{"href":"https:\/\/www.sudoestehoje.com.br\/novoportal\/wp-json\/wp\/v2\/types\/post"}],"author":[{"embeddable":true,"href":"https:\/\/www.sudoestehoje.com.br\/novoportal\/wp-json\/wp\/v2\/users\/2"}],"replies":[{"embeddable":true,"href":"https:\/\/www.sudoestehoje.com.br\/novoportal\/wp-json\/wp\/v2\/comments?post=5589"}],"version-history":[{"count":2,"href":"https:\/\/www.sudoestehoje.com.br\/novoportal\/wp-json\/wp\/v2\/posts\/5589\/revisions"}],"predecessor-version":[{"id":5591,"href":"https:\/\/www.sudoestehoje.com.br\/novoportal\/wp-json\/wp\/v2\/posts\/5589\/revisions\/5591"}],"wp:attachment":[{"href":"https:\/\/www.sudoestehoje.com.br\/novoportal\/wp-json\/wp\/v2\/media?parent=5589"}],"wp:term":[{"taxonomy":"category","embeddable":true,"href":"https:\/\/www.sudoestehoje.com.br\/novoportal\/wp-json\/wp\/v2\/categories?post=5589"},{"taxonomy":"post_tag","embeddable":true,"href":"https:\/\/www.sudoestehoje.com.br\/novoportal\/wp-json\/wp\/v2\/tags?post=5589"}],"curies":[{"name":"wp","href":"https:\/\/api.w.org\/{rel}","templated":true}]}}