
{"id":55876,"date":"2016-03-05T22:20:21","date_gmt":"2016-03-06T01:20:21","guid":{"rendered":"http:\/\/www.sudoestehoje.com.br\/novoportal\/?p=55876"},"modified":"2016-03-05T22:25:09","modified_gmt":"2016-03-06T01:25:09","slug":"safadao-anita-avioes-do-forro-e-vigadora-sao-confirmados-no-brega-light","status":"publish","type":"post","link":"https:\/\/www.sudoestehoje.com.br\/novoportal\/2016\/03\/05\/safadao-anita-avioes-do-forro-e-vigadora-sao-confirmados-no-brega-light\/","title":{"rendered":"SAFAD\u00c3O, ANITA, AVI\u00d5ES DO FORR\u00d3 E VINGADORA S\u00c3O CONFIRMADOS NO BREGA LIGHT"},"content":{"rendered":"<p><a href=\"http:\/\/www.sudoestehoje.com.br\/novoportal\/wp-content\/uploads\/2016\/03\/BREG.jpg\" rel=\"attachment wp-att-55877\"><img loading=\"lazy\" decoding=\"async\" class=\"aligncenter wp-image-55877\" src=\"http:\/\/www.sudoestehoje.com.br\/novoportal\/wp-content\/uploads\/2016\/03\/BREG.jpg\" alt=\"BREG\" width=\"500\" height=\"368\" \/><\/a><\/p>\n<p>O cantor Wesley Safad\u00e3o foi confirmado como uma das atra\u00e7\u00f5es da 15\u00ba edi\u00e7\u00e3o da festa Brega Light, que acontece no m\u00eas de junho, em Ibicu\u00ed, no sudoeste da Bahia.\u00a0Al\u00e9m de Safad\u00e3o, outro nome cogitado nos bastiadores \u00e9 o da cantora Anitta.<\/p>\n<p>Como havia sido noticiado anteriormente, a banda Avi\u00f5es do Forr\u00f3 tamb\u00e9m se apresentar\u00e1 no Brega Light. A banda Vingadora tamb\u00e9m integrar\u00e1 a grade de atra\u00e7\u00f5es da festa, que ser\u00e1 divulgada integralmente nos pr\u00f3ximos dias.<\/p>\n","protected":false},"excerpt":{"rendered":"<p>O cantor Wesley Safad\u00e3o foi confirmado como uma das atra\u00e7\u00f5es da 15\u00ba edi\u00e7\u00e3o da festa Brega Light, que acontece no m\u00eas de junho, em Ibicu\u00ed, no sudoeste da Bahia.\u00a0Al\u00e9m de Safad\u00e3o, outro nome cogitado nos bastiadores \u00e9 o da cantora Anitta. Como havia sido noticiado anteriormente, a banda Avi\u00f5es do Forr\u00f3 tamb\u00e9m se apresentar\u00e1 no [&hellip;]<\/p>\n","protected":false},"author":2,"featured_media":0,"comment_status":"open","ping_status":"open","sticky":false,"template":"","format":"standard","meta":{"footnotes":"","_links_to":"","_links_to_target":""},"categories":[1],"tags":[],"class_list":["post-55876","post","type-post","status-publish","format-standard","hentry","category-geral"],"views":2040,"_links":{"self":[{"href":"https:\/\/www.sudoestehoje.com.br\/novoportal\/wp-json\/wp\/v2\/posts\/55876","targetHints":{"allow":["GET"]}}],"collection":[{"href":"https:\/\/www.sudoestehoje.com.br\/novoportal\/wp-json\/wp\/v2\/posts"}],"about":[{"href":"https:\/\/www.sudoestehoje.com.br\/novoportal\/wp-json\/wp\/v2\/types\/post"}],"author":[{"embeddable":true,"href":"https:\/\/www.sudoestehoje.com.br\/novoportal\/wp-json\/wp\/v2\/users\/2"}],"replies":[{"embeddable":true,"href":"https:\/\/www.sudoestehoje.com.br\/novoportal\/wp-json\/wp\/v2\/comments?post=55876"}],"version-history":[{"count":3,"href":"https:\/\/www.sudoestehoje.com.br\/novoportal\/wp-json\/wp\/v2\/posts\/55876\/revisions"}],"predecessor-version":[{"id":55880,"href":"https:\/\/www.sudoestehoje.com.br\/novoportal\/wp-json\/wp\/v2\/posts\/55876\/revisions\/55880"}],"wp:attachment":[{"href":"https:\/\/www.sudoestehoje.com.br\/novoportal\/wp-json\/wp\/v2\/media?parent=55876"}],"wp:term":[{"taxonomy":"category","embeddable":true,"href":"https:\/\/www.sudoestehoje.com.br\/novoportal\/wp-json\/wp\/v2\/categories?post=55876"},{"taxonomy":"post_tag","embeddable":true,"href":"https:\/\/www.sudoestehoje.com.br\/novoportal\/wp-json\/wp\/v2\/tags?post=55876"}],"curies":[{"name":"wp","href":"https:\/\/api.w.org\/{rel}","templated":true}]}}