
{"id":55873,"date":"2016-03-05T21:21:51","date_gmt":"2016-03-06T00:21:51","guid":{"rendered":"http:\/\/www.sudoestehoje.com.br\/novoportal\/?p=55873"},"modified":"2016-03-05T21:21:51","modified_gmt":"2016-03-06T00:21:51","slug":"loja-da-ricardo-eletro-e-fechada-em-itapetinga","status":"publish","type":"post","link":"https:\/\/www.sudoestehoje.com.br\/novoportal\/2016\/03\/05\/loja-da-ricardo-eletro-e-fechada-em-itapetinga\/","title":{"rendered":"LOJA DA RICARDO ELETRO \u00c9 FECHADA EM ITAPETINGA"},"content":{"rendered":"<p><a href=\"http:\/\/www.sudoestehoje.com.br\/novoportal\/wp-content\/uploads\/2016\/03\/r-eletro.jpg\" rel=\"attachment wp-att-55874\"><img loading=\"lazy\" decoding=\"async\" class=\"aligncenter size-medium wp-image-55874\" src=\"http:\/\/www.sudoestehoje.com.br\/novoportal\/wp-content\/uploads\/2016\/03\/r-eletro-500x300.jpg\" alt=\"r eletro\" width=\"500\" height=\"300\" srcset=\"https:\/\/www.sudoestehoje.com.br\/novoportal\/wp-content\/uploads\/2016\/03\/r-eletro-500x300.jpg 500w, https:\/\/www.sudoestehoje.com.br\/novoportal\/wp-content\/uploads\/2016\/03\/r-eletro.jpg 552w\" sizes=\"auto, (max-width: 500px) 100vw, 500px\" \/><\/a><\/p>\n<p>Neste s\u00e1bado, o com\u00e9rcio de Itapetinga ficou mais triste com o fechamento da loja de eletro-eletr\u00f4nicos e m\u00f3veis Ricardo Eletro, que atuava h\u00e1 mais de 4 anos na esquina da Alameda Rui Barbosa com a Pra\u00e7a Augusto de Carvalho.<\/p>\n<p>Como o <em>Sudoeste Hoje<\/em> j\u00e1 havia antecipado, a holding &#8216;Maquina de Vendas&#8217;, administradora da Ricardo Eletro e Insinuante, decidiu extinguir a bandeira Insinuante e continuar somente com a marca Ricardo Eletro.<\/p>\n<p>Em Itapetinga, entretanto, a decis\u00e3o foi continuar com a loja onde funciona a Insinuante, que \u00e9 mais amplo e o pr\u00e9dio pertence \u00e0 empresa, fechando a loja da Ricardo, que funciona em pr\u00e9dio alugado. A partir deste m\u00eas, a antiga Insinuante receber\u00e1 a marca Ricardo Eletro.<\/p>\n<p>A situa\u00e7\u00e3o dos empregados das duas lojas ainda n\u00e3o foi definida, mas algumas demiss\u00f5es ser\u00e3o inevit\u00e1veis, dada a crise que afeta o com\u00e9rcio.<\/p>\n<p><strong><em>Por Davi Ferraz<\/em><\/strong><\/p>\n","protected":false},"excerpt":{"rendered":"<p>Neste s\u00e1bado, o com\u00e9rcio de Itapetinga ficou mais triste com o fechamento da loja de eletro-eletr\u00f4nicos e m\u00f3veis Ricardo Eletro, que atuava h\u00e1 mais de 4 anos na esquina da Alameda Rui Barbosa com a Pra\u00e7a Augusto de Carvalho. Como o Sudoeste Hoje j\u00e1 havia antecipado, a holding &#8216;Maquina de Vendas&#8217;, administradora da Ricardo Eletro [&hellip;]<\/p>\n","protected":false},"author":2,"featured_media":0,"comment_status":"open","ping_status":"open","sticky":false,"template":"","format":"standard","meta":{"footnotes":"","_links_to":"","_links_to_target":""},"categories":[1],"tags":[],"class_list":["post-55873","post","type-post","status-publish","format-standard","hentry","category-geral"],"views":3708,"_links":{"self":[{"href":"https:\/\/www.sudoestehoje.com.br\/novoportal\/wp-json\/wp\/v2\/posts\/55873","targetHints":{"allow":["GET"]}}],"collection":[{"href":"https:\/\/www.sudoestehoje.com.br\/novoportal\/wp-json\/wp\/v2\/posts"}],"about":[{"href":"https:\/\/www.sudoestehoje.com.br\/novoportal\/wp-json\/wp\/v2\/types\/post"}],"author":[{"embeddable":true,"href":"https:\/\/www.sudoestehoje.com.br\/novoportal\/wp-json\/wp\/v2\/users\/2"}],"replies":[{"embeddable":true,"href":"https:\/\/www.sudoestehoje.com.br\/novoportal\/wp-json\/wp\/v2\/comments?post=55873"}],"version-history":[{"count":1,"href":"https:\/\/www.sudoestehoje.com.br\/novoportal\/wp-json\/wp\/v2\/posts\/55873\/revisions"}],"predecessor-version":[{"id":55875,"href":"https:\/\/www.sudoestehoje.com.br\/novoportal\/wp-json\/wp\/v2\/posts\/55873\/revisions\/55875"}],"wp:attachment":[{"href":"https:\/\/www.sudoestehoje.com.br\/novoportal\/wp-json\/wp\/v2\/media?parent=55873"}],"wp:term":[{"taxonomy":"category","embeddable":true,"href":"https:\/\/www.sudoestehoje.com.br\/novoportal\/wp-json\/wp\/v2\/categories?post=55873"},{"taxonomy":"post_tag","embeddable":true,"href":"https:\/\/www.sudoestehoje.com.br\/novoportal\/wp-json\/wp\/v2\/tags?post=55873"}],"curies":[{"name":"wp","href":"https:\/\/api.w.org\/{rel}","templated":true}]}}