
{"id":55863,"date":"2016-03-04T20:52:02","date_gmt":"2016-03-04T23:52:02","guid":{"rendered":"http:\/\/www.sudoestehoje.com.br\/novoportal\/?p=55863"},"modified":"2016-03-04T20:53:51","modified_gmt":"2016-03-04T23:53:51","slug":"stf-nega-pedido-para-parar-investigacoes-contra-lula","status":"publish","type":"post","link":"https:\/\/www.sudoestehoje.com.br\/novoportal\/2016\/03\/04\/stf-nega-pedido-para-parar-investigacoes-contra-lula\/","title":{"rendered":"STF NEGA PEDIDO PARA PARAR INVESTIGA\u00c7\u00d5ES CONTRA LULA"},"content":{"rendered":"<p><a href=\"http:\/\/www.sudoestehoje.com.br\/novoportal\/wp-content\/uploads\/2016\/03\/LULA-1.jpeg\" rel=\"attachment wp-att-55864\"><img loading=\"lazy\" decoding=\"async\" class=\"aligncenter size-medium wp-image-55864\" src=\"http:\/\/www.sudoestehoje.com.br\/novoportal\/wp-content\/uploads\/2016\/03\/LULA-1-500x375.jpeg\" alt=\"LULA 1\" width=\"500\" height=\"375\" srcset=\"https:\/\/www.sudoestehoje.com.br\/novoportal\/wp-content\/uploads\/2016\/03\/LULA-1-500x375.jpeg 500w, https:\/\/www.sudoestehoje.com.br\/novoportal\/wp-content\/uploads\/2016\/03\/LULA-1.jpeg 690w\" sizes=\"auto, (max-width: 500px) 100vw, 500px\" \/><\/a><\/p>\n<p>A ministra Rosa Weber, do Supremo Tribunal Federal (STF), negou na noite desta sexta-feira pedido da defesa do ex-presidente Luiz In\u00e1cio Lula da Silva para interromper as investiga\u00e7\u00f5es contra ele e definir qual bra\u00e7o do Minist\u00e9rio P\u00fablico estaria apto a apurar irregularidades atribu\u00eddas ao petista.<\/p>\n<p>Nos \u00faltimos dias, a defesa do ex-presidente havia recorrido ao Judici\u00e1rio, com pedido de liminar, alegando ser alvo de duas apura\u00e7\u00f5es simult\u00e2neas, do Minist\u00e9rio P\u00fablico de S\u00e3o Paulo e do Minist\u00e9rio P\u00fablico Federal. Ele alegava que n\u00e3o deveria ser investigado na Lava Jato e pediu ao STF que decidisse onde o processo deve tramitar.<\/p>\n<p>A magistrada destacou que o MP-SP e o Minist\u00e9rio P\u00fablico Federal, em Curitiba, n\u00e3o reconhecem haver conflito nas apura\u00e7\u00f5es envolvendo o ex-presidente Lula e afirmou que, &#8220;sob o \u00e2ngulo objetivo, carece de plausibilidade a pr\u00f3pria tese de que efetivamente foi configurado o conflito positivo de atribui\u00e7\u00f5es entre os Minist\u00e9rios P\u00fablicos apontados na exordial&#8221;.<\/p>\n<p>&#8220;Reputo que os crimes em apura\u00e7\u00e3o no procedimento instaurado pelo Minist\u00e9rio P\u00fablico Federal, aparentemente, n\u00e3o se confundem com o objeto da investiga\u00e7\u00e3o do Minist\u00e9rio P\u00fablico do Estado de S\u00e3o Paulo. Ainda que de qualquer modo interseccionados e que, no curso ambas as investiga\u00e7\u00f5es, tenham sido suscitadas quest\u00f5es pertinentes aos mesmos im\u00f3veis, vislumbro contemplarem objetivos distintos&#8221;, completou ela.<\/p>\n","protected":false},"excerpt":{"rendered":"<p>A ministra Rosa Weber, do Supremo Tribunal Federal (STF), negou na noite desta sexta-feira pedido da defesa do ex-presidente Luiz In\u00e1cio Lula da Silva para interromper as investiga\u00e7\u00f5es contra ele e definir qual bra\u00e7o do Minist\u00e9rio P\u00fablico estaria apto a apurar irregularidades atribu\u00eddas ao petista. Nos \u00faltimos dias, a defesa do ex-presidente havia recorrido ao [&hellip;]<\/p>\n","protected":false},"author":2,"featured_media":0,"comment_status":"open","ping_status":"open","sticky":false,"template":"","format":"standard","meta":{"footnotes":"","_links_to":"","_links_to_target":""},"categories":[1],"tags":[],"class_list":["post-55863","post","type-post","status-publish","format-standard","hentry","category-geral"],"views":1866,"_links":{"self":[{"href":"https:\/\/www.sudoestehoje.com.br\/novoportal\/wp-json\/wp\/v2\/posts\/55863","targetHints":{"allow":["GET"]}}],"collection":[{"href":"https:\/\/www.sudoestehoje.com.br\/novoportal\/wp-json\/wp\/v2\/posts"}],"about":[{"href":"https:\/\/www.sudoestehoje.com.br\/novoportal\/wp-json\/wp\/v2\/types\/post"}],"author":[{"embeddable":true,"href":"https:\/\/www.sudoestehoje.com.br\/novoportal\/wp-json\/wp\/v2\/users\/2"}],"replies":[{"embeddable":true,"href":"https:\/\/www.sudoestehoje.com.br\/novoportal\/wp-json\/wp\/v2\/comments?post=55863"}],"version-history":[{"count":2,"href":"https:\/\/www.sudoestehoje.com.br\/novoportal\/wp-json\/wp\/v2\/posts\/55863\/revisions"}],"predecessor-version":[{"id":55866,"href":"https:\/\/www.sudoestehoje.com.br\/novoportal\/wp-json\/wp\/v2\/posts\/55863\/revisions\/55866"}],"wp:attachment":[{"href":"https:\/\/www.sudoestehoje.com.br\/novoportal\/wp-json\/wp\/v2\/media?parent=55863"}],"wp:term":[{"taxonomy":"category","embeddable":true,"href":"https:\/\/www.sudoestehoje.com.br\/novoportal\/wp-json\/wp\/v2\/categories?post=55863"},{"taxonomy":"post_tag","embeddable":true,"href":"https:\/\/www.sudoestehoje.com.br\/novoportal\/wp-json\/wp\/v2\/tags?post=55863"}],"curies":[{"name":"wp","href":"https:\/\/api.w.org\/{rel}","templated":true}]}}