
{"id":55852,"date":"2016-03-04T19:07:31","date_gmt":"2016-03-04T22:07:31","guid":{"rendered":"http:\/\/www.sudoestehoje.com.br\/novoportal\/?p=55852"},"modified":"2016-03-04T19:44:50","modified_gmt":"2016-03-04T22:44:50","slug":"juiza-federal-suspende-nomeacao-do-novo-ministro-da-justica","status":"publish","type":"post","link":"https:\/\/www.sudoestehoje.com.br\/novoportal\/2016\/03\/04\/juiza-federal-suspende-nomeacao-do-novo-ministro-da-justica\/","title":{"rendered":"JU\u00cdZA FEDERAL ANULA NOMEA\u00c7\u00c3O DO NOVO MINISTRO DA JUSTI\u00c7A"},"content":{"rendered":"<p><a href=\"http:\/\/www.sudoestehoje.com.br\/novoportal\/wp-content\/uploads\/2016\/03\/WELL.jpg\" rel=\"attachment wp-att-55853\"><img loading=\"lazy\" decoding=\"async\" class=\"aligncenter size-medium wp-image-55853\" src=\"http:\/\/www.sudoestehoje.com.br\/novoportal\/wp-content\/uploads\/2016\/03\/WELL-500x347.jpg\" alt=\"WELL\" width=\"500\" height=\"347\" srcset=\"https:\/\/www.sudoestehoje.com.br\/novoportal\/wp-content\/uploads\/2016\/03\/WELL-500x347.jpg 500w, https:\/\/www.sudoestehoje.com.br\/novoportal\/wp-content\/uploads\/2016\/03\/WELL.jpg 620w\" sizes=\"auto, (max-width: 500px) 100vw, 500px\" \/><\/a><\/p>\n<p>A Justi\u00e7a Federal do DF suspendeu, na sexta-feira 4, a nomea\u00e7\u00e3o do procurador Wellington C\u00e9sar Lima e Silva para o Minist\u00e9rio da Justi\u00e7a (sucede a Jos\u00e9 Eduardo Cardozo). A decis\u00e3o acolheu pedido do DEM de Pernambuco que considera inconstitucional a sua indica\u00e7\u00e3o.<\/p>\n<p>A pol\u00eamica que cerca a nomea\u00e7\u00e3o do novo ministro, escolhido por Dilma, tem origem na Resolu\u00e7\u00e3o 72 do Conselho Nacional do Minist\u00e9rio P\u00fablico. Segundo o professor de Direito Constitucional Clever Vasconcelos, ela estabelece que a partir de 1988, excepcionalmente, integrantes do MP podem ocupar cargos fora da institui\u00e7\u00e3o, desde que a fun\u00e7\u00e3o tenha \u201cpertin\u00eancia tem\u00e1tica\u201d com o pr\u00f3prio MP.<\/p>\n<p>Ocorre, por\u00e9m, que a Constitui\u00e7\u00e3o veda essa possibilidade. O choque \u00e9 entre a Constitui\u00e7\u00e3o e a Resolu\u00e7\u00e3o do Conselho. \u201cA nomea\u00e7\u00e3o do novo ministro \u00e9 totalmente inconstitucional. E isso com base em decis\u00e3o anterior do STF\u201d, disse a ISTO\u00c9 Roselle Soglio, professora de Direito Processual Penal, de Direito Penal e de Per\u00edcia Criminal.<\/p>\n","protected":false},"excerpt":{"rendered":"<p>A Justi\u00e7a Federal do DF suspendeu, na sexta-feira 4, a nomea\u00e7\u00e3o do procurador Wellington C\u00e9sar Lima e Silva para o Minist\u00e9rio da Justi\u00e7a (sucede a Jos\u00e9 Eduardo Cardozo). A decis\u00e3o acolheu pedido do DEM de Pernambuco que considera inconstitucional a sua indica\u00e7\u00e3o. A pol\u00eamica que cerca a nomea\u00e7\u00e3o do novo ministro, escolhido por Dilma, tem [&hellip;]<\/p>\n","protected":false},"author":2,"featured_media":0,"comment_status":"open","ping_status":"open","sticky":false,"template":"","format":"standard","meta":{"footnotes":"","_links_to":"","_links_to_target":""},"categories":[1],"tags":[],"class_list":["post-55852","post","type-post","status-publish","format-standard","hentry","category-geral"],"views":1302,"_links":{"self":[{"href":"https:\/\/www.sudoestehoje.com.br\/novoportal\/wp-json\/wp\/v2\/posts\/55852","targetHints":{"allow":["GET"]}}],"collection":[{"href":"https:\/\/www.sudoestehoje.com.br\/novoportal\/wp-json\/wp\/v2\/posts"}],"about":[{"href":"https:\/\/www.sudoestehoje.com.br\/novoportal\/wp-json\/wp\/v2\/types\/post"}],"author":[{"embeddable":true,"href":"https:\/\/www.sudoestehoje.com.br\/novoportal\/wp-json\/wp\/v2\/users\/2"}],"replies":[{"embeddable":true,"href":"https:\/\/www.sudoestehoje.com.br\/novoportal\/wp-json\/wp\/v2\/comments?post=55852"}],"version-history":[{"count":3,"href":"https:\/\/www.sudoestehoje.com.br\/novoportal\/wp-json\/wp\/v2\/posts\/55852\/revisions"}],"predecessor-version":[{"id":55861,"href":"https:\/\/www.sudoestehoje.com.br\/novoportal\/wp-json\/wp\/v2\/posts\/55852\/revisions\/55861"}],"wp:attachment":[{"href":"https:\/\/www.sudoestehoje.com.br\/novoportal\/wp-json\/wp\/v2\/media?parent=55852"}],"wp:term":[{"taxonomy":"category","embeddable":true,"href":"https:\/\/www.sudoestehoje.com.br\/novoportal\/wp-json\/wp\/v2\/categories?post=55852"},{"taxonomy":"post_tag","embeddable":true,"href":"https:\/\/www.sudoestehoje.com.br\/novoportal\/wp-json\/wp\/v2\/tags?post=55852"}],"curies":[{"name":"wp","href":"https:\/\/api.w.org\/{rel}","templated":true}]}}