
{"id":55810,"date":"2016-03-02T17:53:09","date_gmt":"2016-03-02T20:53:09","guid":{"rendered":"http:\/\/www.sudoestehoje.com.br\/novoportal\/?p=55810"},"modified":"2016-03-02T17:57:24","modified_gmt":"2016-03-02T20:57:24","slug":"dono-de-farmacia-que-receptava-e-vendia-remedios-do-sus-ja-esta-solto","status":"publish","type":"post","link":"https:\/\/www.sudoestehoje.com.br\/novoportal\/2016\/03\/02\/dono-de-farmacia-que-receptava-e-vendia-remedios-do-sus-ja-esta-solto\/","title":{"rendered":"DONO DE FARM\u00c1CIA QUE RECEPTAVA E VENDIA REM\u00c9DIOS DO SUS J\u00c1 EST\u00c1 SOLTO"},"content":{"rendered":"<p>&nbsp;<\/p>\n<p><a href=\"http:\/\/www.sudoestehoje.com.br\/novoportal\/wp-content\/uploads\/2016\/03\/Willian.jpg\" rel=\"attachment wp-att-55785\"><img loading=\"lazy\" decoding=\"async\" class=\"wp-image-55785 alignleft\" src=\"http:\/\/www.sudoestehoje.com.br\/novoportal\/wp-content\/uploads\/2016\/03\/Willian-500x337.jpg\" alt=\"Willian\" width=\"301\" height=\"203\" srcset=\"https:\/\/www.sudoestehoje.com.br\/novoportal\/wp-content\/uploads\/2016\/03\/Willian-500x337.jpg 500w, https:\/\/www.sudoestehoje.com.br\/novoportal\/wp-content\/uploads\/2016\/03\/Willian.jpg 624w\" sizes=\"auto, (max-width: 301px) 100vw, 301px\" \/><\/a><\/p>\n<p>Na tarde desta quarta-feira (2), o comerciante William da Silva Nascimento, preso em flagrante sob a acusa\u00e7\u00e3o de receptar e vender medicamentos destinados pelo SUS aos postos de sa\u00fade de Itapetinga, foi liberado pelo delegado Roberto Junior, ap\u00f3s a expedi\u00e7\u00e3o do alvar\u00e1 de soltura pela Ju\u00edza da Vara Criminal da Comarca, Dra. Mirna Fraga.<\/p>\n<p>William deixou a carceragem do Complexo Policial acompanhando do seu advogado, por volta das 15h e vai responder em liberdade pelos crimes de recepta\u00e7\u00e3o e tr\u00e1fico drogas, segundo informou o delegado.<\/p>\n<p>O envolvimento do comerciante na recepta\u00e7\u00e3o de venda dos medicamentos da Farm\u00e1cia B\u00e1sica de Itapetinga teve grande repercuss\u00e3o na imprensa local e regional, causando indigna\u00e7\u00e3o em toda a popula\u00e7\u00e3o local, que sofre em busca desses medicamentos, cuja venda \u00e9 proibida pelo Minist\u00e9rio da Sa\u00fade e que andam em falta nos postos de sa\u00fade de Itapetinga.<\/p>\n<p>A sua comparsa, a servidora da Secretaria Municipal de Sa\u00fade, Carla Daniela Novais Pereira, tamb\u00e9m foi ouvida e responder\u00e1 pelo crime de furto. N\u00e3o se tem not\u00edcia de qualquer puni\u00e7\u00e3o de ordem administrativa, por parte de seus superiores hier\u00e1rquicos na prefeitura.<\/p>\n<p><strong><em>Por Davi Ferraz<\/em><\/strong><\/p>\n","protected":false},"excerpt":{"rendered":"<p>&nbsp; Na tarde desta quarta-feira (2), o comerciante William da Silva Nascimento, preso em flagrante sob a acusa\u00e7\u00e3o de receptar e vender medicamentos destinados pelo SUS aos postos de sa\u00fade de Itapetinga, foi liberado pelo delegado Roberto Junior, ap\u00f3s a expedi\u00e7\u00e3o do alvar\u00e1 de soltura pela Ju\u00edza da Vara Criminal da Comarca, Dra. Mirna Fraga. [&hellip;]<\/p>\n","protected":false},"author":2,"featured_media":0,"comment_status":"open","ping_status":"open","sticky":false,"template":"","format":"standard","meta":{"footnotes":"","_links_to":"","_links_to_target":""},"categories":[1],"tags":[],"class_list":["post-55810","post","type-post","status-publish","format-standard","hentry","category-geral"],"views":2861,"_links":{"self":[{"href":"https:\/\/www.sudoestehoje.com.br\/novoportal\/wp-json\/wp\/v2\/posts\/55810","targetHints":{"allow":["GET"]}}],"collection":[{"href":"https:\/\/www.sudoestehoje.com.br\/novoportal\/wp-json\/wp\/v2\/posts"}],"about":[{"href":"https:\/\/www.sudoestehoje.com.br\/novoportal\/wp-json\/wp\/v2\/types\/post"}],"author":[{"embeddable":true,"href":"https:\/\/www.sudoestehoje.com.br\/novoportal\/wp-json\/wp\/v2\/users\/2"}],"replies":[{"embeddable":true,"href":"https:\/\/www.sudoestehoje.com.br\/novoportal\/wp-json\/wp\/v2\/comments?post=55810"}],"version-history":[{"count":5,"href":"https:\/\/www.sudoestehoje.com.br\/novoportal\/wp-json\/wp\/v2\/posts\/55810\/revisions"}],"predecessor-version":[{"id":55815,"href":"https:\/\/www.sudoestehoje.com.br\/novoportal\/wp-json\/wp\/v2\/posts\/55810\/revisions\/55815"}],"wp:attachment":[{"href":"https:\/\/www.sudoestehoje.com.br\/novoportal\/wp-json\/wp\/v2\/media?parent=55810"}],"wp:term":[{"taxonomy":"category","embeddable":true,"href":"https:\/\/www.sudoestehoje.com.br\/novoportal\/wp-json\/wp\/v2\/categories?post=55810"},{"taxonomy":"post_tag","embeddable":true,"href":"https:\/\/www.sudoestehoje.com.br\/novoportal\/wp-json\/wp\/v2\/tags?post=55810"}],"curies":[{"name":"wp","href":"https:\/\/api.w.org\/{rel}","templated":true}]}}