
{"id":558,"date":"2010-07-16T16:40:28","date_gmt":"2010-07-16T19:40:28","guid":{"rendered":"http:\/\/sudoestehoje.tempsite.ws\/novoportal\/?p=558"},"modified":"2010-09-22T16:40:52","modified_gmt":"2010-09-22T19:40:52","slug":"candidatos-inelegiveis-minimizam-ameaca","status":"publish","type":"post","link":"https:\/\/www.sudoestehoje.com.br\/novoportal\/2010\/07\/16\/candidatos-inelegiveis-minimizam-ameaca\/","title":{"rendered":"CANDIDATOS &#8220;INELEG\u00cdVEIS&#8221; MINIMIZAM AMEA\u00c7A"},"content":{"rendered":"<div>\n<p><strong><em><\/p>\n<div><img decoding=\"async\" src=\"http:\/\/1.bp.blogspot.com\/_SXvi_UDZLzk\/TCVGrL1BLwI\/AAAAAAAAAlQ\/-2qHp8Mj_IQ\/s320\/brasil.jpg\" border=\"0\" alt=\"\" \/><\/div>\n<div>Procuradoria Eleitoral est\u00e1 e olho<\/div>\n<p><\/em><\/strong><\/p>\n<p><strong><em>Tribuna da Bahia: <\/em><\/strong>A  maioria dos 107 pol\u00edticos baianos que tiveram seus nomes enquadrados na  lista enviada pelo Minist\u00e9rio P\u00fablico Estadual (MPE) para o Tribunal  Regional Eleitoral (TRE) e, consequentemente, correm riscos de terem  suas candidaturas impugnadas, ao contr\u00e1rio do que se esperava, se dizem  tranquilos quanto \u00e0 amea\u00e7a. Eles atestam que est\u00e3o regulares e, nas  entrelinhas, deixam escapar que o sentimento \u00e9 de que tudo n\u00e3o passa de  \u201cpirotecnia e desrespeito com suas imagens\u201d. Figuram na rela\u00e7\u00e3o do TRE,  figuras conhecidas como: Coriolano Sales, Benito Gama, Genebaldo  Correia, Jo\u00e9lcio Martins, Tonha Magalh\u00e3es, Neusa Cadore, Virg\u00ednia Hagge,  Everaldo Bispo, entre outros.<\/p>\n<p>Contudo, o procurador regional eleitoral, Sidney Madruga, manda um recado: <strong>a possibilidade de impugna\u00e7\u00e3o \u00e9 latente<\/strong>.  \u201cAt\u00e9 porque em muitos desses casos n\u00e3o encontramos a documenta\u00e7\u00e3o  correta nos autos\u201d, alertou, complementando que a partir do momento em  que forem intimados ter\u00e3o prazo de sete dias para defesa que,  posteriormente, ser\u00e1 encaminhada ao Minist\u00e9rio P\u00fablico para an\u00e1lise.  \u201cMas, de antem\u00e3o, deixo claro que o parecer final \u00e9 dado pelo TRE\u201d.<\/p>\n<\/div>\n","protected":false},"excerpt":{"rendered":"<p>Procuradoria Eleitoral est\u00e1 e olho Tribuna da Bahia: A maioria dos 107 pol\u00edticos baianos que tiveram seus nomes enquadrados na lista enviada pelo Minist\u00e9rio P\u00fablico Estadual (MPE) para o Tribunal Regional Eleitoral (TRE) e, consequentemente, correm riscos de terem suas candidaturas impugnadas, ao contr\u00e1rio do que se esperava, se dizem tranquilos quanto \u00e0 amea\u00e7a. Eles [&hellip;]<\/p>\n","protected":false},"author":1,"featured_media":0,"comment_status":"open","ping_status":"open","sticky":false,"template":"","format":"standard","meta":{"footnotes":"","_links_to":"","_links_to_target":""},"categories":[1],"tags":[],"class_list":["post-558","post","type-post","status-publish","format-standard","hentry","category-geral"],"views":1515,"_links":{"self":[{"href":"https:\/\/www.sudoestehoje.com.br\/novoportal\/wp-json\/wp\/v2\/posts\/558","targetHints":{"allow":["GET"]}}],"collection":[{"href":"https:\/\/www.sudoestehoje.com.br\/novoportal\/wp-json\/wp\/v2\/posts"}],"about":[{"href":"https:\/\/www.sudoestehoje.com.br\/novoportal\/wp-json\/wp\/v2\/types\/post"}],"author":[{"embeddable":true,"href":"https:\/\/www.sudoestehoje.com.br\/novoportal\/wp-json\/wp\/v2\/users\/1"}],"replies":[{"embeddable":true,"href":"https:\/\/www.sudoestehoje.com.br\/novoportal\/wp-json\/wp\/v2\/comments?post=558"}],"version-history":[{"count":1,"href":"https:\/\/www.sudoestehoje.com.br\/novoportal\/wp-json\/wp\/v2\/posts\/558\/revisions"}],"predecessor-version":[{"id":559,"href":"https:\/\/www.sudoestehoje.com.br\/novoportal\/wp-json\/wp\/v2\/posts\/558\/revisions\/559"}],"wp:attachment":[{"href":"https:\/\/www.sudoestehoje.com.br\/novoportal\/wp-json\/wp\/v2\/media?parent=558"}],"wp:term":[{"taxonomy":"category","embeddable":true,"href":"https:\/\/www.sudoestehoje.com.br\/novoportal\/wp-json\/wp\/v2\/categories?post=558"},{"taxonomy":"post_tag","embeddable":true,"href":"https:\/\/www.sudoestehoje.com.br\/novoportal\/wp-json\/wp\/v2\/tags?post=558"}],"curies":[{"name":"wp","href":"https:\/\/api.w.org\/{rel}","templated":true}]}}