
{"id":55796,"date":"2016-03-01T20:30:05","date_gmt":"2016-03-01T23:30:05","guid":{"rendered":"http:\/\/www.sudoestehoje.com.br\/novoportal\/?p=55796"},"modified":"2016-03-01T20:30:05","modified_gmt":"2016-03-01T23:30:05","slug":"lula-diz-que-nao-depoe-nem-amarrado","status":"publish","type":"post","link":"https:\/\/www.sudoestehoje.com.br\/novoportal\/2016\/03\/01\/lula-diz-que-nao-depoe-nem-amarrado\/","title":{"rendered":"LULA DIZ QUE N\u00c3O DEP\u00d5E, &#8220;NEM AMARRADO&#8221;"},"content":{"rendered":"<p><a href=\"http:\/\/www.sudoestehoje.com.br\/novoportal\/wp-content\/uploads\/2016\/03\/crop.jpg\" rel=\"attachment wp-att-55797\"><img loading=\"lazy\" decoding=\"async\" class=\"aligncenter size-medium wp-image-55797\" src=\"http:\/\/www.sudoestehoje.com.br\/novoportal\/wp-content\/uploads\/2016\/03\/crop-500x302.jpg\" alt=\"crop\" width=\"500\" height=\"302\" srcset=\"https:\/\/www.sudoestehoje.com.br\/novoportal\/wp-content\/uploads\/2016\/03\/crop-500x302.jpg 500w, https:\/\/www.sudoestehoje.com.br\/novoportal\/wp-content\/uploads\/2016\/03\/crop.jpg 620w\" sizes=\"auto, (max-width: 500px) 100vw, 500px\" \/><\/a><\/p>\n<p>Sem ter como se explicar nas investiga\u00e7\u00f5es que apuram se ele \u00e9 dono do s\u00edtio em Atibaia e do tr\u00edplex no Guaruj\u00e1, Lula tenta, mais uma vez, fugir da Justi\u00e7a.<\/p>\n<p>H\u00e1 15 dias, conseguiu adiar o seu depoimento no Minist\u00e9rio P\u00fablico de SP, remarcado para esta quinta, e ontem entrou com uma medida protetiva no Tribunal de Justi\u00e7a para impedir o seguimento do processo.<\/p>\n<p>Logo depois, seus advogados avisaram que Lula n\u00e3o sentar\u00e1 no banco dos investigados. Vai mandar a defesa por escrito. A cada tentativa de escapar da Justi\u00e7a, a alma viva &#8220;mais honesta deste mundo&#8221; confessa a sua culpa.<\/p>\n<p>Como dizia o fil\u00f3sofo popular &#8216;N\u00eago Luiz&#8217;, &#8220;quem n\u00e3o deve, n\u00e3o <em>treme<\/em>&#8220;.<\/p>\n<p><strong><em>Por Davi Ferraz (Informa\u00e7\u00f5es UOL)<\/em><\/strong><\/p>\n<p><img decoding=\"async\" class=\"aligncenter\" src=\"http:\/\/www.sudoestehoje.com.br\/novoportal\/wp-content\/uploads\/2014\/12\/skala-novo.jpg\" alt=\"\" \/><\/p>\n","protected":false},"excerpt":{"rendered":"<p>Sem ter como se explicar nas investiga\u00e7\u00f5es que apuram se ele \u00e9 dono do s\u00edtio em Atibaia e do tr\u00edplex no Guaruj\u00e1, Lula tenta, mais uma vez, fugir da Justi\u00e7a. H\u00e1 15 dias, conseguiu adiar o seu depoimento no Minist\u00e9rio P\u00fablico de SP, remarcado para esta quinta, e ontem entrou com uma medida protetiva no [&hellip;]<\/p>\n","protected":false},"author":2,"featured_media":0,"comment_status":"open","ping_status":"open","sticky":false,"template":"","format":"standard","meta":{"footnotes":"","_links_to":"","_links_to_target":""},"categories":[1],"tags":[],"class_list":["post-55796","post","type-post","status-publish","format-standard","hentry","category-geral"],"views":2420,"_links":{"self":[{"href":"https:\/\/www.sudoestehoje.com.br\/novoportal\/wp-json\/wp\/v2\/posts\/55796","targetHints":{"allow":["GET"]}}],"collection":[{"href":"https:\/\/www.sudoestehoje.com.br\/novoportal\/wp-json\/wp\/v2\/posts"}],"about":[{"href":"https:\/\/www.sudoestehoje.com.br\/novoportal\/wp-json\/wp\/v2\/types\/post"}],"author":[{"embeddable":true,"href":"https:\/\/www.sudoestehoje.com.br\/novoportal\/wp-json\/wp\/v2\/users\/2"}],"replies":[{"embeddable":true,"href":"https:\/\/www.sudoestehoje.com.br\/novoportal\/wp-json\/wp\/v2\/comments?post=55796"}],"version-history":[{"count":1,"href":"https:\/\/www.sudoestehoje.com.br\/novoportal\/wp-json\/wp\/v2\/posts\/55796\/revisions"}],"predecessor-version":[{"id":55798,"href":"https:\/\/www.sudoestehoje.com.br\/novoportal\/wp-json\/wp\/v2\/posts\/55796\/revisions\/55798"}],"wp:attachment":[{"href":"https:\/\/www.sudoestehoje.com.br\/novoportal\/wp-json\/wp\/v2\/media?parent=55796"}],"wp:term":[{"taxonomy":"category","embeddable":true,"href":"https:\/\/www.sudoestehoje.com.br\/novoportal\/wp-json\/wp\/v2\/categories?post=55796"},{"taxonomy":"post_tag","embeddable":true,"href":"https:\/\/www.sudoestehoje.com.br\/novoportal\/wp-json\/wp\/v2\/tags?post=55796"}],"curies":[{"name":"wp","href":"https:\/\/api.w.org\/{rel}","templated":true}]}}