
{"id":5579,"date":"2011-06-07T23:19:17","date_gmt":"2011-06-08T02:19:17","guid":{"rendered":"http:\/\/www.sudoestehoje.com.br\/novoportal\/?p=5579"},"modified":"2011-06-07T23:19:17","modified_gmt":"2011-06-08T02:19:17","slug":"professores-da-uesb-uesc-e-uefs-decidem-continuar-em-greve","status":"publish","type":"post","link":"https:\/\/www.sudoestehoje.com.br\/novoportal\/2011\/06\/07\/professores-da-uesb-uesc-e-uefs-decidem-continuar-em-greve\/","title":{"rendered":"PROFESSORES DA UESB, UESC E UEFS DECIDEM CONTINUAR EM GREVE"},"content":{"rendered":"<p style=\"text-align: center;\"><em><strong><img decoding=\"async\" src=\"http:\/\/www.adusb.org.br\/noticias\/06-06-2011-11-32-412.jpg\" alt=\"\" \/><\/strong><\/em><\/p>\n<p style=\"text-align: center;\"><em><strong>Proposta do governo foi aceita, em parte<\/strong><\/em><\/p>\n<p><em><strong>\u00a0<\/strong><\/em><\/p>\n<p><em><strong>Tribuna da Bahia<\/strong><\/em><\/p>\n<p>Os professores das universidades estaduais de Feira de Santana (Uefs), de Santa Cruz (Uesc) e do Sudoeste (Uesb) que est\u00e3o de bra\u00e7os cruzados desde o in\u00edcio de abril decidiram em assembleia na tarde desta ter\u00e7a-feira (7) pela continuidade da paralisa\u00e7\u00e3o.<\/p>\n<p>Os grevistas aceitaram a proposta referente \u00e0 incorpora\u00e7\u00e3o da gratifica\u00e7\u00e3o das Condi\u00e7\u00f5es Especiais de Trabalho (CET) ao sal\u00e1rio base dos professores. Entretanto, eles defendem a realiza\u00e7\u00e3o de algumas altera\u00e7\u00f5es em rela\u00e7\u00e3o ao decreto n\u00ba 12.583 \u2013 que congelaria os sal\u00e1rios por um per\u00edodo de quatro anos -, e encaminhar\u00e3o ao governo.<\/p>\n<p>De acordo com a categoria, na pr\u00f3xima sexta-feira (10) haver\u00e1 uma nova reuni\u00e3o, na sede da Secretaria de Educa\u00e7\u00e3o, para discutir o fim da paralisa\u00e7\u00e3o. Caso as altera\u00e7\u00f5es sugeridas pelos docentes forem aceitas, a greve chegar\u00e1 ao fim no mesmo dia.<\/p>\n<p>Nesta quarta-feira (8), \u00e9 a vez dos professores da Universidade do Estado da Bahia (Uneb) realizar assembleia.<\/p>\n","protected":false},"excerpt":{"rendered":"<p>Proposta do governo foi aceita, em parte \u00a0 Tribuna da Bahia Os professores das universidades estaduais de Feira de Santana (Uefs), de Santa Cruz (Uesc) e do Sudoeste (Uesb) que est\u00e3o de bra\u00e7os cruzados desde o in\u00edcio de abril decidiram em assembleia na tarde desta ter\u00e7a-feira (7) pela continuidade da paralisa\u00e7\u00e3o. Os grevistas aceitaram a [&hellip;]<\/p>\n","protected":false},"author":2,"featured_media":0,"comment_status":"open","ping_status":"open","sticky":false,"template":"","format":"standard","meta":{"footnotes":"","_links_to":"","_links_to_target":""},"categories":[1],"tags":[],"class_list":["post-5579","post","type-post","status-publish","format-standard","hentry","category-geral"],"views":1005,"_links":{"self":[{"href":"https:\/\/www.sudoestehoje.com.br\/novoportal\/wp-json\/wp\/v2\/posts\/5579","targetHints":{"allow":["GET"]}}],"collection":[{"href":"https:\/\/www.sudoestehoje.com.br\/novoportal\/wp-json\/wp\/v2\/posts"}],"about":[{"href":"https:\/\/www.sudoestehoje.com.br\/novoportal\/wp-json\/wp\/v2\/types\/post"}],"author":[{"embeddable":true,"href":"https:\/\/www.sudoestehoje.com.br\/novoportal\/wp-json\/wp\/v2\/users\/2"}],"replies":[{"embeddable":true,"href":"https:\/\/www.sudoestehoje.com.br\/novoportal\/wp-json\/wp\/v2\/comments?post=5579"}],"version-history":[{"count":3,"href":"https:\/\/www.sudoestehoje.com.br\/novoportal\/wp-json\/wp\/v2\/posts\/5579\/revisions"}],"predecessor-version":[{"id":5582,"href":"https:\/\/www.sudoestehoje.com.br\/novoportal\/wp-json\/wp\/v2\/posts\/5579\/revisions\/5582"}],"wp:attachment":[{"href":"https:\/\/www.sudoestehoje.com.br\/novoportal\/wp-json\/wp\/v2\/media?parent=5579"}],"wp:term":[{"taxonomy":"category","embeddable":true,"href":"https:\/\/www.sudoestehoje.com.br\/novoportal\/wp-json\/wp\/v2\/categories?post=5579"},{"taxonomy":"post_tag","embeddable":true,"href":"https:\/\/www.sudoestehoje.com.br\/novoportal\/wp-json\/wp\/v2\/tags?post=5579"}],"curies":[{"name":"wp","href":"https:\/\/api.w.org\/{rel}","templated":true}]}}