
{"id":55783,"date":"2016-03-01T18:47:10","date_gmt":"2016-03-01T21:47:10","guid":{"rendered":"http:\/\/www.sudoestehoje.com.br\/novoportal\/?p=55783"},"modified":"2016-03-01T23:10:40","modified_gmt":"2016-03-02T02:10:40","slug":"itapetinga-dono-de-farmacia-do-sao-francisco-e-preso-por-negociar-remedios-de-venda-proibida","status":"publish","type":"post","link":"https:\/\/www.sudoestehoje.com.br\/novoportal\/2016\/03\/01\/itapetinga-dono-de-farmacia-do-sao-francisco-e-preso-por-negociar-remedios-de-venda-proibida\/","title":{"rendered":"ITAPETINGA: DONO DE FARM\u00c1CIA DO S\u00c3O FRANCISCO \u00c9 PRESO POR NEGOCIAR REM\u00c9DIOS DE VENDA PROIBIDA"},"content":{"rendered":"<p><a href=\"http:\/\/www.sudoestehoje.com.br\/novoportal\/wp-content\/uploads\/2016\/03\/site-3.jpg\" rel=\"attachment wp-att-55800\"><img loading=\"lazy\" decoding=\"async\" class=\"aligncenter size-medium wp-image-55800\" src=\"http:\/\/www.sudoestehoje.com.br\/novoportal\/wp-content\/uploads\/2016\/03\/site-3-500x375.jpg\" alt=\"site 3\" width=\"500\" height=\"375\" srcset=\"https:\/\/www.sudoestehoje.com.br\/novoportal\/wp-content\/uploads\/2016\/03\/site-3-500x375.jpg 500w, https:\/\/www.sudoestehoje.com.br\/novoportal\/wp-content\/uploads\/2016\/03\/site-3-768x576.jpg 768w, https:\/\/www.sudoestehoje.com.br\/novoportal\/wp-content\/uploads\/2016\/03\/site-3-700x525.jpg 700w, https:\/\/www.sudoestehoje.com.br\/novoportal\/wp-content\/uploads\/2016\/03\/site-3.jpg 1024w\" sizes=\"auto, (max-width: 500px) 100vw, 500px\" \/><\/a><\/p>\n<p>Uma a\u00e7\u00e3o da Pol\u00edcia Civil de Itapetinga, na manh\u00e3 desta ter\u00e7a-feira (01\/03), resultou na pris\u00e3o em flagrante de um dono de farm\u00e1cia. <span style=\"text-decoration: underline;\"><em>William da Silva Nascimento<\/em><\/span> tinha em seu estabelecimento, localizado na Rua Humberto de Campos, v\u00e1rias caixas de medicamentos de uso restrito e de venda proibida.<\/p>\n<p><a href=\"http:\/\/www.sudoestehoje.com.br\/novoportal\/wp-content\/uploads\/2016\/03\/remedio.jpg\" rel=\"attachment wp-att-55784\"><img loading=\"lazy\" decoding=\"async\" class=\"aligncenter size-medium wp-image-55784\" src=\"http:\/\/www.sudoestehoje.com.br\/novoportal\/wp-content\/uploads\/2016\/03\/remedio-500x281.jpg\" alt=\"remedio\" width=\"500\" height=\"281\" srcset=\"https:\/\/www.sudoestehoje.com.br\/novoportal\/wp-content\/uploads\/2016\/03\/remedio-500x281.jpg 500w, https:\/\/www.sudoestehoje.com.br\/novoportal\/wp-content\/uploads\/2016\/03\/remedio.jpg 640w\" sizes=\"auto, (max-width: 500px) 100vw, 500px\" \/><\/a><\/p>\n<p>Na apreens\u00e3o, os policiais civis encontraram medicamentos distribu\u00eddos pelo SUS que n\u00e3o poderiam ser vendidos e que s\u00e3o distribu\u00eddos gratuitamente para a popula\u00e7\u00e3o pela Rede B\u00e1sica de Sa\u00fade, inclusive medicamentos controlados (tarja preta), que desapareceram dos postos de sa\u00fade e at\u00e9 do CAPS.<\/p>\n<p>Uma funcion\u00e1ria da farm\u00e1cia b\u00e1sica do Posto de Sa\u00fade Guilherme Dias, no bairro Camac\u00e3, tamb\u00e9m foi conduzida, mas acabou liberada ap\u00f3s prestar depoimento. Segundo informa\u00e7\u00f5es da pol\u00edcia, a servidora cujo nome ainda n\u00e3o foi revelado, tamb\u00e9m ser\u00e1 investigada em inqu\u00e9rito policial.<\/p>\n<p>O delegado Roberto J\u00fanior, que recebeu a den\u00fancia das irregularidades praticadas pela farm\u00e1cia, acionou o Departamento de Pol\u00edcia T\u00e9cnica e a Vigil\u00e2ncia Sanit\u00e1ria. Os peritos recolheram todos os medicamentos. Informa\u00e7\u00f5es dos blogs. CONFIRA V\u00cdDEO:<\/p>\n<p><iframe loading=\"lazy\" title=\"Itapetinga: Dono de farm\u00e1cia vai responder tamb\u00e9m por tr\u00e1fico de drogas\" width=\"500\" height=\"281\" src=\"https:\/\/www.youtube.com\/embed\/fI3FVUJeAlM?feature=oembed\" frameborder=\"0\" allow=\"accelerometer; autoplay; clipboard-write; encrypted-media; gyroscope; picture-in-picture; web-share\" referrerpolicy=\"strict-origin-when-cross-origin\" allowfullscreen><\/iframe><\/p>\n","protected":false},"excerpt":{"rendered":"<p>Uma a\u00e7\u00e3o da Pol\u00edcia Civil de Itapetinga, na manh\u00e3 desta ter\u00e7a-feira (01\/03), resultou na pris\u00e3o em flagrante de um dono de farm\u00e1cia. William da Silva Nascimento tinha em seu estabelecimento, localizado na Rua Humberto de Campos, v\u00e1rias caixas de medicamentos de uso restrito e de venda proibida. Na apreens\u00e3o, os policiais civis encontraram medicamentos distribu\u00eddos [&hellip;]<\/p>\n","protected":false},"author":2,"featured_media":0,"comment_status":"open","ping_status":"open","sticky":false,"template":"","format":"standard","meta":{"footnotes":"","_links_to":"","_links_to_target":""},"categories":[1],"tags":[],"class_list":["post-55783","post","type-post","status-publish","format-standard","hentry","category-geral"],"views":6708,"_links":{"self":[{"href":"https:\/\/www.sudoestehoje.com.br\/novoportal\/wp-json\/wp\/v2\/posts\/55783","targetHints":{"allow":["GET"]}}],"collection":[{"href":"https:\/\/www.sudoestehoje.com.br\/novoportal\/wp-json\/wp\/v2\/posts"}],"about":[{"href":"https:\/\/www.sudoestehoje.com.br\/novoportal\/wp-json\/wp\/v2\/types\/post"}],"author":[{"embeddable":true,"href":"https:\/\/www.sudoestehoje.com.br\/novoportal\/wp-json\/wp\/v2\/users\/2"}],"replies":[{"embeddable":true,"href":"https:\/\/www.sudoestehoje.com.br\/novoportal\/wp-json\/wp\/v2\/comments?post=55783"}],"version-history":[{"count":9,"href":"https:\/\/www.sudoestehoje.com.br\/novoportal\/wp-json\/wp\/v2\/posts\/55783\/revisions"}],"predecessor-version":[{"id":55804,"href":"https:\/\/www.sudoestehoje.com.br\/novoportal\/wp-json\/wp\/v2\/posts\/55783\/revisions\/55804"}],"wp:attachment":[{"href":"https:\/\/www.sudoestehoje.com.br\/novoportal\/wp-json\/wp\/v2\/media?parent=55783"}],"wp:term":[{"taxonomy":"category","embeddable":true,"href":"https:\/\/www.sudoestehoje.com.br\/novoportal\/wp-json\/wp\/v2\/categories?post=55783"},{"taxonomy":"post_tag","embeddable":true,"href":"https:\/\/www.sudoestehoje.com.br\/novoportal\/wp-json\/wp\/v2\/tags?post=55783"}],"curies":[{"name":"wp","href":"https:\/\/api.w.org\/{rel}","templated":true}]}}