
{"id":55780,"date":"2016-03-01T14:15:58","date_gmt":"2016-03-01T17:15:58","guid":{"rendered":"http:\/\/www.sudoestehoje.com.br\/novoportal\/?p=55780"},"modified":"2016-03-01T19:19:35","modified_gmt":"2016-03-01T22:19:35","slug":"bahia-registra-817-casos-de-bebes-com-microcefalia-e-24-mortes","status":"publish","type":"post","link":"https:\/\/www.sudoestehoje.com.br\/novoportal\/2016\/03\/01\/bahia-registra-817-casos-de-bebes-com-microcefalia-e-24-mortes\/","title":{"rendered":"BAHIA REGISTRA 817 CASOS DE BEB\u00caS COM MICROCEFALIA E 24 MORTES"},"content":{"rendered":"<div><a href=\"http:\/\/www.sudoestehoje.com.br\/novoportal\/wp-content\/uploads\/2016\/03\/MIC.jpg\" rel=\"attachment wp-att-55781\"><img loading=\"lazy\" decoding=\"async\" class=\"aligncenter size-medium wp-image-55781\" src=\"http:\/\/www.sudoestehoje.com.br\/novoportal\/wp-content\/uploads\/2016\/03\/MIC-500x333.jpg\" alt=\"MIC\" width=\"500\" height=\"333\" srcset=\"https:\/\/www.sudoestehoje.com.br\/novoportal\/wp-content\/uploads\/2016\/03\/MIC-500x333.jpg 500w, https:\/\/www.sudoestehoje.com.br\/novoportal\/wp-content\/uploads\/2016\/03\/MIC.jpg 615w\" sizes=\"auto, (max-width: 500px) 100vw, 500px\" \/><\/a><\/div>\n<div id=\"cke_pastebin\">Entre outubro de 2015 e 27 de fevereiro deste ano, j\u00e1 foram notificados 817 casos de microcefalia em 136 munic\u00edpios baianos. Entre eles, Salvaodr continua com maior n\u00famero de casos, 395. Os dados s\u00e3o da Secretaria da Sa\u00fade do Estado da Bahia (Sesab).<\/div>\n<div id=\"cke_pastebin\"><\/div>\n<div id=\"cke_pastebin\">O balan\u00e7o divulgado nesta ter\u00e7a-feira (1\u00ba) informa que dos 214 casos investigados, 136 foram confirmados e outros 78 foram descartados. Em rela\u00e7\u00e3o \u00e0s mortes, 24 beb\u00eas com a condi\u00e7\u00e3o neurol\u00f3gica vieram a \u00f3bito em 17 munic\u00edpios: Salvador (7), Cama\u00e7ari (2), Alagoinhas (1), Barro Preto (1), Cravol\u00e2ndia (1), Campo Formoso (1), Cris\u00f3polis (1), Itabuna (1), Cruz das Almas (1), Itapetinga (1), Eun\u00e1polis (1), Olindina (1), Tanha\u00e7u (1), Senhor do Bonfim (1), Esplanada (1), Feira de Santana (1) e Presidente Tancredo Neves (1). BN<\/div>\n<div><img decoding=\"async\" class=\"aligncenter\" src=\"http:\/\/www.sudoestehoje.com.br\/novoportal\/wp-content\/uploads\/2014\/09\/supermoda.png\" alt=\"supermoda\" \/><\/div>\n","protected":false},"excerpt":{"rendered":"<p>Entre outubro de 2015 e 27 de fevereiro deste ano, j\u00e1 foram notificados 817 casos de microcefalia em 136 munic\u00edpios baianos. Entre eles, Salvaodr continua com maior n\u00famero de casos, 395. Os dados s\u00e3o da Secretaria da Sa\u00fade do Estado da Bahia (Sesab). O balan\u00e7o divulgado nesta ter\u00e7a-feira (1\u00ba) informa que dos 214 casos investigados, [&hellip;]<\/p>\n","protected":false},"author":2,"featured_media":0,"comment_status":"open","ping_status":"open","sticky":false,"template":"","format":"standard","meta":{"footnotes":"","_links_to":"","_links_to_target":""},"categories":[1],"tags":[],"class_list":["post-55780","post","type-post","status-publish","format-standard","hentry","category-geral"],"views":2416,"_links":{"self":[{"href":"https:\/\/www.sudoestehoje.com.br\/novoportal\/wp-json\/wp\/v2\/posts\/55780","targetHints":{"allow":["GET"]}}],"collection":[{"href":"https:\/\/www.sudoestehoje.com.br\/novoportal\/wp-json\/wp\/v2\/posts"}],"about":[{"href":"https:\/\/www.sudoestehoje.com.br\/novoportal\/wp-json\/wp\/v2\/types\/post"}],"author":[{"embeddable":true,"href":"https:\/\/www.sudoestehoje.com.br\/novoportal\/wp-json\/wp\/v2\/users\/2"}],"replies":[{"embeddable":true,"href":"https:\/\/www.sudoestehoje.com.br\/novoportal\/wp-json\/wp\/v2\/comments?post=55780"}],"version-history":[{"count":2,"href":"https:\/\/www.sudoestehoje.com.br\/novoportal\/wp-json\/wp\/v2\/posts\/55780\/revisions"}],"predecessor-version":[{"id":55791,"href":"https:\/\/www.sudoestehoje.com.br\/novoportal\/wp-json\/wp\/v2\/posts\/55780\/revisions\/55791"}],"wp:attachment":[{"href":"https:\/\/www.sudoestehoje.com.br\/novoportal\/wp-json\/wp\/v2\/media?parent=55780"}],"wp:term":[{"taxonomy":"category","embeddable":true,"href":"https:\/\/www.sudoestehoje.com.br\/novoportal\/wp-json\/wp\/v2\/categories?post=55780"},{"taxonomy":"post_tag","embeddable":true,"href":"https:\/\/www.sudoestehoje.com.br\/novoportal\/wp-json\/wp\/v2\/tags?post=55780"}],"curies":[{"name":"wp","href":"https:\/\/api.w.org\/{rel}","templated":true}]}}