
{"id":5576,"date":"2011-06-07T22:59:30","date_gmt":"2011-06-08T01:59:30","guid":{"rendered":"http:\/\/www.sudoestehoje.com.br\/novoportal\/?p=5576"},"modified":"2011-06-07T22:59:30","modified_gmt":"2011-06-08T01:59:30","slug":"sai-palocci-entra-gleisi-hoffmann","status":"publish","type":"post","link":"https:\/\/www.sudoestehoje.com.br\/novoportal\/2011\/06\/07\/sai-palocci-entra-gleisi-hoffmann\/","title":{"rendered":"SAI PALOCCI, ENTRA GLEISI HOFFMANN"},"content":{"rendered":"<p style=\"text-align: center;\"><img decoding=\"async\" src=\"http:\/\/robertobertholdo.jornale.com.br\/wp-content\/uploads\/2010\/06\/gleisi-blog-do-robetrto-bertholdo1.jpg\" alt=\"\" \/><\/p>\n<p style=\"text-align: center;\"><em><strong>Senadora Gleisi Hoffmann (PR) assume a Casa Civil<\/strong><\/em><\/p>\n<p>\u00a0<\/p>\n<p>O ministro da Casa Civil, Antonio Palocci (PT), pediu demiss\u00e3o nesta ter\u00e7a-feira (7). O martelo foi batido em car\u00e1ter definitivo ap\u00f3s o atual titular da pasta formalizar sua demiss\u00e3o em uma carta enviada \u00e0 presidente Dilma Rousseff (PT). &#8220;O ministro Antonio Palocci entregou, nesta tarde, carta \u00e0 presidenta Dilma Rousseff solicitando o seu afastamento do governo.<\/p>\n<p>O ministro considera que a robusta manifesta\u00e7\u00e3o do Procurador Geral da Rep\u00fablica confirma a legalidade e a retid\u00e3o de suas atividades profissionais no per\u00edodo recente, bem como a inexist\u00eancia de qualquer fundamento, ainda que m\u00ednimo, nas alega\u00e7\u00f5es apresentadas sobre sua conduta. Considera, entretanto, que a continuidade do embate pol\u00edtico poderia prejudicar suas atribui\u00e7\u00f5es no governo. Diante disso, preferiu solicitar seu afastamento&#8221;, diz o texto. A senadora petista\u00a0Gleisi Hoffmann (PR) foi convidada para substituir o ex-chefe da pasta. BN<\/p>\n","protected":false},"excerpt":{"rendered":"<p>Senadora Gleisi Hoffmann (PR) assume a Casa Civil \u00a0 O ministro da Casa Civil, Antonio Palocci (PT), pediu demiss\u00e3o nesta ter\u00e7a-feira (7). O martelo foi batido em car\u00e1ter definitivo ap\u00f3s o atual titular da pasta formalizar sua demiss\u00e3o em uma carta enviada \u00e0 presidente Dilma Rousseff (PT). &#8220;O ministro Antonio Palocci entregou, nesta tarde, carta [&hellip;]<\/p>\n","protected":false},"author":2,"featured_media":0,"comment_status":"open","ping_status":"open","sticky":false,"template":"","format":"standard","meta":{"footnotes":"","_links_to":"","_links_to_target":""},"categories":[1],"tags":[],"class_list":["post-5576","post","type-post","status-publish","format-standard","hentry","category-geral"],"views":1089,"_links":{"self":[{"href":"https:\/\/www.sudoestehoje.com.br\/novoportal\/wp-json\/wp\/v2\/posts\/5576","targetHints":{"allow":["GET"]}}],"collection":[{"href":"https:\/\/www.sudoestehoje.com.br\/novoportal\/wp-json\/wp\/v2\/posts"}],"about":[{"href":"https:\/\/www.sudoestehoje.com.br\/novoportal\/wp-json\/wp\/v2\/types\/post"}],"author":[{"embeddable":true,"href":"https:\/\/www.sudoestehoje.com.br\/novoportal\/wp-json\/wp\/v2\/users\/2"}],"replies":[{"embeddable":true,"href":"https:\/\/www.sudoestehoje.com.br\/novoportal\/wp-json\/wp\/v2\/comments?post=5576"}],"version-history":[{"count":2,"href":"https:\/\/www.sudoestehoje.com.br\/novoportal\/wp-json\/wp\/v2\/posts\/5576\/revisions"}],"predecessor-version":[{"id":5578,"href":"https:\/\/www.sudoestehoje.com.br\/novoportal\/wp-json\/wp\/v2\/posts\/5576\/revisions\/5578"}],"wp:attachment":[{"href":"https:\/\/www.sudoestehoje.com.br\/novoportal\/wp-json\/wp\/v2\/media?parent=5576"}],"wp:term":[{"taxonomy":"category","embeddable":true,"href":"https:\/\/www.sudoestehoje.com.br\/novoportal\/wp-json\/wp\/v2\/categories?post=5576"},{"taxonomy":"post_tag","embeddable":true,"href":"https:\/\/www.sudoestehoje.com.br\/novoportal\/wp-json\/wp\/v2\/tags?post=5576"}],"curies":[{"name":"wp","href":"https:\/\/api.w.org\/{rel}","templated":true}]}}