
{"id":5573,"date":"2011-06-07T18:08:55","date_gmt":"2011-06-07T21:08:55","guid":{"rendered":"http:\/\/www.sudoestehoje.com.br\/novoportal\/?p=5573"},"modified":"2011-06-07T18:08:55","modified_gmt":"2011-06-07T21:08:55","slug":"palocci-pedira-demissao-hoje","status":"publish","type":"post","link":"https:\/\/www.sudoestehoje.com.br\/novoportal\/2011\/06\/07\/palocci-pedira-demissao-hoje\/","title":{"rendered":"PALOCCI PEDIR\u00c1 DEMISS\u00c3O HOJE"},"content":{"rendered":"<p style=\"text-align: center;\"><a href=\"http:\/\/www.politicalivre.com.br\/wp-content\/uploads\/2011\/05\/PALOCCI-61.jpg\"><img loading=\"lazy\" decoding=\"async\" title=\"PALOCCI 6\" src=\"http:\/\/www.politicalivre.com.br\/wp-content\/uploads\/2011\/05\/PALOCCI-61-277x300.jpg\" alt=\"\" width=\"277\" height=\"300\" \/><\/a><\/p>\n<p style=\"text-align: center;\"><strong><em>Antonio Palocci (PT)<\/em><\/strong><\/p>\n<p>\u00a0<\/p>\n<p>O ministro Antonio Palocci (Fazenda) j\u00e1 comunicou sua equipe que pedir\u00e1 demiss\u00e3o hoje. A forma do an\u00fancio e o substituto do ministro ainda est\u00e3o sendo discutidos entre Dilma Rousseff, Palocci e outros assessores do Pal\u00e1cio do Planalto. O martelo foi batido depois que, a despeito da decis\u00e3o do procurador-geral da Rep\u00fablica, Roberto Gurgel, de arquivar o pedido de investiga\u00e7\u00e3o sobre seu enriquecimento, ficou evidente a falta de respaldo pol\u00edtico para Palocci se manter. Os senadores do PT se recusaram a assinar uma nota de apoio a Palocci. E a CPI proposta pela oposi\u00e7\u00e3o para investig\u00e1-lo est\u00e1 a tr\u00eas assinaturas de ser criada. (Presidente 40\/ Folha)<\/p>\n","protected":false},"excerpt":{"rendered":"<p>Antonio Palocci (PT) \u00a0 O ministro Antonio Palocci (Fazenda) j\u00e1 comunicou sua equipe que pedir\u00e1 demiss\u00e3o hoje. A forma do an\u00fancio e o substituto do ministro ainda est\u00e3o sendo discutidos entre Dilma Rousseff, Palocci e outros assessores do Pal\u00e1cio do Planalto. O martelo foi batido depois que, a despeito da decis\u00e3o do procurador-geral da Rep\u00fablica, [&hellip;]<\/p>\n","protected":false},"author":2,"featured_media":0,"comment_status":"open","ping_status":"open","sticky":false,"template":"","format":"standard","meta":{"footnotes":"","_links_to":"","_links_to_target":""},"categories":[1],"tags":[],"class_list":["post-5573","post","type-post","status-publish","format-standard","hentry","category-geral"],"views":1214,"_links":{"self":[{"href":"https:\/\/www.sudoestehoje.com.br\/novoportal\/wp-json\/wp\/v2\/posts\/5573","targetHints":{"allow":["GET"]}}],"collection":[{"href":"https:\/\/www.sudoestehoje.com.br\/novoportal\/wp-json\/wp\/v2\/posts"}],"about":[{"href":"https:\/\/www.sudoestehoje.com.br\/novoportal\/wp-json\/wp\/v2\/types\/post"}],"author":[{"embeddable":true,"href":"https:\/\/www.sudoestehoje.com.br\/novoportal\/wp-json\/wp\/v2\/users\/2"}],"replies":[{"embeddable":true,"href":"https:\/\/www.sudoestehoje.com.br\/novoportal\/wp-json\/wp\/v2\/comments?post=5573"}],"version-history":[{"count":1,"href":"https:\/\/www.sudoestehoje.com.br\/novoportal\/wp-json\/wp\/v2\/posts\/5573\/revisions"}],"predecessor-version":[{"id":5574,"href":"https:\/\/www.sudoestehoje.com.br\/novoportal\/wp-json\/wp\/v2\/posts\/5573\/revisions\/5574"}],"wp:attachment":[{"href":"https:\/\/www.sudoestehoje.com.br\/novoportal\/wp-json\/wp\/v2\/media?parent=5573"}],"wp:term":[{"taxonomy":"category","embeddable":true,"href":"https:\/\/www.sudoestehoje.com.br\/novoportal\/wp-json\/wp\/v2\/categories?post=5573"},{"taxonomy":"post_tag","embeddable":true,"href":"https:\/\/www.sudoestehoje.com.br\/novoportal\/wp-json\/wp\/v2\/tags?post=5573"}],"curies":[{"name":"wp","href":"https:\/\/api.w.org\/{rel}","templated":true}]}}