
{"id":5555,"date":"2011-06-07T14:06:32","date_gmt":"2011-06-07T17:06:32","guid":{"rendered":"http:\/\/www.sudoestehoje.com.br\/novoportal\/?p=5555"},"modified":"2011-06-07T15:09:56","modified_gmt":"2011-06-07T18:09:56","slug":"itapetinga-operacao-quebra-barracos-foi-totalmente-ilegal","status":"publish","type":"post","link":"https:\/\/www.sudoestehoje.com.br\/novoportal\/2011\/06\/07\/itapetinga-operacao-quebra-barracos-foi-totalmente-ilegal\/","title":{"rendered":"ITAPETINGA: OPERA\u00c7\u00c3O &#8220;QUEBRA BARRACOS&#8221; FOI TOTALMENTE ILEGAL"},"content":{"rendered":"<p style=\"text-align: center;\"><a href=\"http:\/\/www.sudoestehoje.com.br\/novoportal\/wp-content\/uploads\/2011\/06\/100_5438.jpg\"><img loading=\"lazy\" decoding=\"async\" class=\"size-medium wp-image-5556  aligncenter\" title=\"100_5438\" src=\"http:\/\/www.sudoestehoje.com.br\/novoportal\/wp-content\/uploads\/2011\/06\/100_5438-500x375.jpg\" alt=\"\" width=\"500\" height=\"375\" srcset=\"https:\/\/www.sudoestehoje.com.br\/novoportal\/wp-content\/uploads\/2011\/06\/100_5438-500x375.jpg 500w, https:\/\/www.sudoestehoje.com.br\/novoportal\/wp-content\/uploads\/2011\/06\/100_5438-1024x768.jpg 1024w\" sizes=\"auto, (max-width: 500px) 100vw, 500px\" \/><\/a><\/p>\n<p>\u00a0<\/p>\n<p style=\"text-align: center;\"><a href=\"http:\/\/www.sudoestehoje.com.br\/novoportal\/wp-content\/uploads\/2011\/06\/100_5427.jpg\"><img loading=\"lazy\" decoding=\"async\" class=\"size-medium wp-image-5557  aligncenter\" title=\"100_5427\" src=\"http:\/\/www.sudoestehoje.com.br\/novoportal\/wp-content\/uploads\/2011\/06\/100_5427-500x375.jpg\" alt=\"\" width=\"500\" height=\"375\" srcset=\"https:\/\/www.sudoestehoje.com.br\/novoportal\/wp-content\/uploads\/2011\/06\/100_5427-500x375.jpg 500w, https:\/\/www.sudoestehoje.com.br\/novoportal\/wp-content\/uploads\/2011\/06\/100_5427-1024x768.jpg 1024w\" sizes=\"auto, (max-width: 500px) 100vw, 500px\" \/><\/a><\/p>\n<p style=\"text-align: center;\"><em><strong>A\u00e7\u00e3o ilegal da prefeitura destruiu moradias e deixou moradores ao relento<\/strong><\/em><\/p>\n<p>\u00a0<\/p>\n<p>ITAPETINGA: Numa r\u00e1pida an\u00e1lise\u00a0\u00e0 desastrada atitude da prefeitura, na &#8220;OPERA\u00c7\u00c3O QUEBRA BARRACOS&#8221;&#8221;,\u00a0 pode-se chegar \u00e0 conclus\u00e3o de que a derrubada de resid\u00eancias, sejam barracos ou mans\u00f5es,\u00a0sem\u00a0a devida <strong><em>autoriza\u00e7\u00e3o<\/em><\/strong>\u00a0<em><strong>\u00a0judicial,<\/strong><\/em> n\u00e3o possui nenhum respaldo legal. O m\u00e1ximo que o Minist\u00e9rio P\u00fablico poderia ter feito, se observados os limites das suas atribui\u00e7\u00f5es, era ingressar com uma a\u00e7\u00e3o judicial, questionando seja l\u00e1 o que fosse, para obten\u00e7\u00e3o do necess\u00e1rio mandado de reintegra\u00e7\u00e3o de posse que\u00a0autorizasse a remo\u00e7\u00e3o das fam\u00edlias e posterior derrubada dos barracos. Fora disto, tudo \u00e9 ilegal e arbitr\u00e1rio.\u00a0\u00a0<\/p>\n<p>Outro requisito que\u00a0tamb\u00e9m n\u00e3o foi obeservado, diz respeito \u00e0 propriedade da \u00e1rea em lit\u00edgio, ocupada pelos pobres donos dos barracos, atrav\u00e9s de sucessivas\u00a0invas\u00f5es. Ser\u00e1 que ela\u00a0pertence mesmo ao munic\u00edpio? Ser\u00e1 que o Minist\u00e9rio P\u00fablico teve o cuidado de se certificar disto, analisando as escrituras e os registros\u00a0do terreno? Decerto que n\u00e3o, pois toda aquela \u00e1rea \u00e9 de propriedade particular, dos herdeiros de Clero Pedreira, e jamais pertenceu ao munic\u00edpio.<\/p>\n<p>As fam\u00edlias desalojadas, se quiserem, podem ingressar na justi\u00e7a contra o munic\u00edpio, pleiteando danos materiais e morais, pois o prefeitura n\u00e3o tem legitimidade para despejar pessoas de terreno que n\u00e3o lhe pertence. Somente os leg\u00edtimos propriet\u00e1rios daquela \u00e1rea t\u00eam legitimidade para atuar no polo ativo de uma a\u00e7\u00e3o judicial, requerendo a reintegra\u00e7\u00e3o de posse.<\/p>\n<p>No campos pol\u00edtico,\u00a0a desastrada e cruel opera\u00e7\u00e3o poderia tamb\u00e9m ser batizada de \u00a0&#8220;Opera\u00e7\u00e3o Tira Votos&#8221;. Para quem j\u00e1 perdeu tantos, uns votinhos a menos\u00a0n\u00e3o v\u00e3o fazer muita diferen\u00e7a, n\u00e3o \u00e9 mesmo prefeito?<\/p>\n<p><em><strong>Por DAVI FERRAZ<\/strong><\/em><\/p>\n","protected":false},"excerpt":{"rendered":"<p>\u00a0 A\u00e7\u00e3o ilegal da prefeitura destruiu moradias e deixou moradores ao relento \u00a0 ITAPETINGA: Numa r\u00e1pida an\u00e1lise\u00a0\u00e0 desastrada atitude da prefeitura, na &#8220;OPERA\u00c7\u00c3O QUEBRA BARRACOS&#8221;&#8221;,\u00a0 pode-se chegar \u00e0 conclus\u00e3o de que a derrubada de resid\u00eancias, sejam barracos ou mans\u00f5es,\u00a0sem\u00a0a devida autoriza\u00e7\u00e3o\u00a0\u00a0judicial, n\u00e3o possui nenhum respaldo legal. O m\u00e1ximo que o Minist\u00e9rio P\u00fablico poderia ter feito, [&hellip;]<\/p>\n","protected":false},"author":2,"featured_media":0,"comment_status":"open","ping_status":"open","sticky":false,"template":"","format":"standard","meta":{"footnotes":"","_links_to":"","_links_to_target":""},"categories":[1],"tags":[],"class_list":["post-5555","post","type-post","status-publish","format-standard","hentry","category-geral"],"views":1099,"_links":{"self":[{"href":"https:\/\/www.sudoestehoje.com.br\/novoportal\/wp-json\/wp\/v2\/posts\/5555","targetHints":{"allow":["GET"]}}],"collection":[{"href":"https:\/\/www.sudoestehoje.com.br\/novoportal\/wp-json\/wp\/v2\/posts"}],"about":[{"href":"https:\/\/www.sudoestehoje.com.br\/novoportal\/wp-json\/wp\/v2\/types\/post"}],"author":[{"embeddable":true,"href":"https:\/\/www.sudoestehoje.com.br\/novoportal\/wp-json\/wp\/v2\/users\/2"}],"replies":[{"embeddable":true,"href":"https:\/\/www.sudoestehoje.com.br\/novoportal\/wp-json\/wp\/v2\/comments?post=5555"}],"version-history":[{"count":7,"href":"https:\/\/www.sudoestehoje.com.br\/novoportal\/wp-json\/wp\/v2\/posts\/5555\/revisions"}],"predecessor-version":[{"id":5563,"href":"https:\/\/www.sudoestehoje.com.br\/novoportal\/wp-json\/wp\/v2\/posts\/5555\/revisions\/5563"}],"wp:attachment":[{"href":"https:\/\/www.sudoestehoje.com.br\/novoportal\/wp-json\/wp\/v2\/media?parent=5555"}],"wp:term":[{"taxonomy":"category","embeddable":true,"href":"https:\/\/www.sudoestehoje.com.br\/novoportal\/wp-json\/wp\/v2\/categories?post=5555"},{"taxonomy":"post_tag","embeddable":true,"href":"https:\/\/www.sudoestehoje.com.br\/novoportal\/wp-json\/wp\/v2\/tags?post=5555"}],"curies":[{"name":"wp","href":"https:\/\/api.w.org\/{rel}","templated":true}]}}