
{"id":55225,"date":"2016-01-28T10:42:15","date_gmt":"2016-01-28T13:42:15","guid":{"rendered":"http:\/\/www.sudoestehoje.com.br\/novoportal\/?p=55225"},"modified":"2016-01-28T10:42:15","modified_gmt":"2016-01-28T13:42:15","slug":"itabuna-nestle-demite-50-funcionarios-e-silva-calcados-fecha-lojas","status":"publish","type":"post","link":"https:\/\/www.sudoestehoje.com.br\/novoportal\/2016\/01\/28\/itabuna-nestle-demite-50-funcionarios-e-silva-calcados-fecha-lojas\/","title":{"rendered":"ITABUNA: NESTL\u00c9 DEMITE 50 FUNCION\u00c1RIOS E SILVA CAL\u00c7ADOS FECHA LOJAS"},"content":{"rendered":"<p><a href=\"http:\/\/www.sudoestehoje.com.br\/novoportal\/wp-content\/uploads\/2016\/01\/NESTL\u00c9.jpg\"><img loading=\"lazy\" decoding=\"async\" class=\"aligncenter size-medium wp-image-55226\" src=\"http:\/\/www.sudoestehoje.com.br\/novoportal\/wp-content\/uploads\/2016\/01\/NESTL\u00c9-500x321.jpg\" alt=\"NESTL\u00c9\" width=\"500\" height=\"321\" srcset=\"https:\/\/www.sudoestehoje.com.br\/novoportal\/wp-content\/uploads\/2016\/01\/NESTL\u00c9-500x321.jpg 500w, https:\/\/www.sudoestehoje.com.br\/novoportal\/wp-content\/uploads\/2016\/01\/NESTL\u00c9.jpg 540w\" sizes=\"auto, (max-width: 500px) 100vw, 500px\" \/><\/a><\/p>\n<p>A Nestl\u00e9 encerrou a produ\u00e7\u00e3o de leite em p\u00f3 em Itabuna e demitiu 50 dos 85 funcion\u00e1rios que trabalhavam no setor. Os 35 que ficaram ser\u00e3o realocados para outras \u00e1reas ou transferidos para a unidade de Feira de Santana. \u00c9 mais um passo para encerrar as atividades no munic\u00edpio, ap\u00f3s o fim dos incentivos que recebe no sul da Bahia.<\/p>\n<p>O pren\u00fancio de que o pior estava para acontecer se deu no ano passado, quando a Nestl\u00e9 reduziu, drasticamente, a compra de leite in natura na regi\u00e3o. \u00c0 \u00e9poca, limitou a compra do produto at\u00e9 um raio de 100 quil\u00f4metros da unidade. E baixou o valor pago ao produtor.<\/p>\n<p>SILVA CAL\u00c7ADOS<\/p>\n<p><a href=\"http:\/\/www.sudoestehoje.com.br\/novoportal\/wp-content\/uploads\/2016\/01\/silva.jpg\"><img loading=\"lazy\" decoding=\"async\" class=\"aligncenter size-medium wp-image-55227\" src=\"http:\/\/www.sudoestehoje.com.br\/novoportal\/wp-content\/uploads\/2016\/01\/silva-500x375.jpg\" alt=\"silva\" width=\"500\" height=\"375\" srcset=\"https:\/\/www.sudoestehoje.com.br\/novoportal\/wp-content\/uploads\/2016\/01\/silva-500x375.jpg 500w, https:\/\/www.sudoestehoje.com.br\/novoportal\/wp-content\/uploads\/2016\/01\/silva-700x525.jpg 700w, https:\/\/www.sudoestehoje.com.br\/novoportal\/wp-content\/uploads\/2016\/01\/silva.jpg 1000w\" sizes=\"auto, (max-width: 500px) 100vw, 500px\" \/><\/a><\/p>\n<p>Outra not\u00edcia ruim para a economia grapi\u00fana, nesta semana, foi o fechamento de duas das lojas da rede Silva Cal\u00e7ados. Nos \u00faltimos tempos, a empresa fechou quatro das sete unidades que possu\u00eda em Itabuna.<\/p>\n<p>A Silva Cal\u00e7ados chegou a ter quatro lojas na Avenida do Cinquenten\u00e1rio e duas no Shopping Jequitib\u00e1, al\u00e9m de uma no Bairro S\u00e3o Caetano. Passar\u00e1 a ter uma na Cinquenten\u00e1rio, uma no shopping e manter\u00e1 a do S\u00e3o Caetano. A empresa n\u00e3o emitiu comunicado oficial sobre os motivos do fechamento. Blog Pimenta<\/p>\n<p><img decoding=\"async\" class=\"aligncenter\" src=\"http:\/\/www.sudoestehoje.com.br\/novoportal\/wp-content\/uploads\/2015\/12\/NATAL-SUPERMODA-500x167.jpg\" alt=\"NATAL SUPERMODA\" \/><\/p>\n","protected":false},"excerpt":{"rendered":"<p>A Nestl\u00e9 encerrou a produ\u00e7\u00e3o de leite em p\u00f3 em Itabuna e demitiu 50 dos 85 funcion\u00e1rios que trabalhavam no setor. Os 35 que ficaram ser\u00e3o realocados para outras \u00e1reas ou transferidos para a unidade de Feira de Santana. \u00c9 mais um passo para encerrar as atividades no munic\u00edpio, ap\u00f3s o fim dos incentivos que [&hellip;]<\/p>\n","protected":false},"author":2,"featured_media":0,"comment_status":"open","ping_status":"open","sticky":false,"template":"","format":"standard","meta":{"footnotes":"","_links_to":"","_links_to_target":""},"categories":[1],"tags":[],"class_list":["post-55225","post","type-post","status-publish","format-standard","hentry","category-geral"],"views":3509,"_links":{"self":[{"href":"https:\/\/www.sudoestehoje.com.br\/novoportal\/wp-json\/wp\/v2\/posts\/55225","targetHints":{"allow":["GET"]}}],"collection":[{"href":"https:\/\/www.sudoestehoje.com.br\/novoportal\/wp-json\/wp\/v2\/posts"}],"about":[{"href":"https:\/\/www.sudoestehoje.com.br\/novoportal\/wp-json\/wp\/v2\/types\/post"}],"author":[{"embeddable":true,"href":"https:\/\/www.sudoestehoje.com.br\/novoportal\/wp-json\/wp\/v2\/users\/2"}],"replies":[{"embeddable":true,"href":"https:\/\/www.sudoestehoje.com.br\/novoportal\/wp-json\/wp\/v2\/comments?post=55225"}],"version-history":[{"count":1,"href":"https:\/\/www.sudoestehoje.com.br\/novoportal\/wp-json\/wp\/v2\/posts\/55225\/revisions"}],"predecessor-version":[{"id":55228,"href":"https:\/\/www.sudoestehoje.com.br\/novoportal\/wp-json\/wp\/v2\/posts\/55225\/revisions\/55228"}],"wp:attachment":[{"href":"https:\/\/www.sudoestehoje.com.br\/novoportal\/wp-json\/wp\/v2\/media?parent=55225"}],"wp:term":[{"taxonomy":"category","embeddable":true,"href":"https:\/\/www.sudoestehoje.com.br\/novoportal\/wp-json\/wp\/v2\/categories?post=55225"},{"taxonomy":"post_tag","embeddable":true,"href":"https:\/\/www.sudoestehoje.com.br\/novoportal\/wp-json\/wp\/v2\/tags?post=55225"}],"curies":[{"name":"wp","href":"https:\/\/api.w.org\/{rel}","templated":true}]}}