
{"id":55208,"date":"2016-01-27T21:47:38","date_gmt":"2016-01-28T00:47:38","guid":{"rendered":"http:\/\/www.sudoestehoje.com.br\/novoportal\/?p=55208"},"modified":"2016-01-27T21:49:11","modified_gmt":"2016-01-28T00:49:11","slug":"faleceu-em-vitoria-da-conquista-a-itapetinguense-telma-kielmann","status":"publish","type":"post","link":"https:\/\/www.sudoestehoje.com.br\/novoportal\/2016\/01\/27\/faleceu-em-vitoria-da-conquista-a-itapetinguense-telma-kielmann\/","title":{"rendered":"FALECEU, EM VIT\u00d3RIA DA CONQUISTA, A ITAPETINGUENSE TELMA KIELMANN"},"content":{"rendered":"<p><a href=\"http:\/\/www.sudoestehoje.com.br\/novoportal\/wp-content\/uploads\/2016\/01\/telma.jpg\"><img loading=\"lazy\" decoding=\"async\" class=\"aligncenter size-medium wp-image-55209\" src=\"http:\/\/www.sudoestehoje.com.br\/novoportal\/wp-content\/uploads\/2016\/01\/telma-500x500.jpg\" alt=\"telma\" width=\"500\" height=\"500\" srcset=\"https:\/\/www.sudoestehoje.com.br\/novoportal\/wp-content\/uploads\/2016\/01\/telma-500x500.jpg 500w, https:\/\/www.sudoestehoje.com.br\/novoportal\/wp-content\/uploads\/2016\/01\/telma-150x150.jpg 150w, https:\/\/www.sudoestehoje.com.br\/novoportal\/wp-content\/uploads\/2016\/01\/telma-700x700.jpg 700w, https:\/\/www.sudoestehoje.com.br\/novoportal\/wp-content\/uploads\/2016\/01\/telma.jpg 960w\" sizes=\"auto, (max-width: 500px) 100vw, 500px\" \/><\/a><\/p>\n<p>Acaba de falecer, no Hospital S\u00e3o Vicente, em Vit\u00f3ria da Conquista, a itapetinguense Telma Kielmann, de causas naturais. Segundo amigos pr\u00f3ximos, Telma Kielmann estava com graves complica\u00e7\u00f5es de sa\u00fade e foi transferida para Vit\u00f3ria da Conquista, onde fazia tratamento, mas acabou n\u00e3o resistindo e veio a falecer na noite desta quarta-feira (27).<\/p>\n<p>Ainda n\u00e3o h\u00e1 informa\u00e7\u00f5es sobre o local do vel\u00f3rio, nem o hor\u00e1rio do sepultamento, que dever\u00e1 ocorrer nesta quinta-feira (28).<\/p>\n<p>O Sudoeste Hoje expressa os seus sentimentos \u00e0 fam\u00edlia enlutada, pelo passamento da amiga Telma.<\/p>\n<p>Aguardem mais informa\u00e7\u00f5es.<\/p>\n<p><strong><em>Por Davi Ferraz<\/em><\/strong><\/p>\n","protected":false},"excerpt":{"rendered":"<p>Acaba de falecer, no Hospital S\u00e3o Vicente, em Vit\u00f3ria da Conquista, a itapetinguense Telma Kielmann, de causas naturais. Segundo amigos pr\u00f3ximos, Telma Kielmann estava com graves complica\u00e7\u00f5es de sa\u00fade e foi transferida para Vit\u00f3ria da Conquista, onde fazia tratamento, mas acabou n\u00e3o resistindo e veio a falecer na noite desta quarta-feira (27). Ainda n\u00e3o h\u00e1 [&hellip;]<\/p>\n","protected":false},"author":2,"featured_media":0,"comment_status":"open","ping_status":"open","sticky":false,"template":"","format":"standard","meta":{"footnotes":"","_links_to":"","_links_to_target":""},"categories":[1],"tags":[],"class_list":["post-55208","post","type-post","status-publish","format-standard","hentry","category-geral"],"views":1870,"_links":{"self":[{"href":"https:\/\/www.sudoestehoje.com.br\/novoportal\/wp-json\/wp\/v2\/posts\/55208","targetHints":{"allow":["GET"]}}],"collection":[{"href":"https:\/\/www.sudoestehoje.com.br\/novoportal\/wp-json\/wp\/v2\/posts"}],"about":[{"href":"https:\/\/www.sudoestehoje.com.br\/novoportal\/wp-json\/wp\/v2\/types\/post"}],"author":[{"embeddable":true,"href":"https:\/\/www.sudoestehoje.com.br\/novoportal\/wp-json\/wp\/v2\/users\/2"}],"replies":[{"embeddable":true,"href":"https:\/\/www.sudoestehoje.com.br\/novoportal\/wp-json\/wp\/v2\/comments?post=55208"}],"version-history":[{"count":4,"href":"https:\/\/www.sudoestehoje.com.br\/novoportal\/wp-json\/wp\/v2\/posts\/55208\/revisions"}],"predecessor-version":[{"id":55213,"href":"https:\/\/www.sudoestehoje.com.br\/novoportal\/wp-json\/wp\/v2\/posts\/55208\/revisions\/55213"}],"wp:attachment":[{"href":"https:\/\/www.sudoestehoje.com.br\/novoportal\/wp-json\/wp\/v2\/media?parent=55208"}],"wp:term":[{"taxonomy":"category","embeddable":true,"href":"https:\/\/www.sudoestehoje.com.br\/novoportal\/wp-json\/wp\/v2\/categories?post=55208"},{"taxonomy":"post_tag","embeddable":true,"href":"https:\/\/www.sudoestehoje.com.br\/novoportal\/wp-json\/wp\/v2\/tags?post=55208"}],"curies":[{"name":"wp","href":"https:\/\/api.w.org\/{rel}","templated":true}]}}