
{"id":55200,"date":"2016-01-27T21:15:58","date_gmt":"2016-01-28T00:15:58","guid":{"rendered":"http:\/\/www.sudoestehoje.com.br\/novoportal\/?p=55200"},"modified":"2016-01-27T23:26:57","modified_gmt":"2016-01-28T02:26:57","slug":"rui-diz-que-sao-inveridicos-dados-sobre-violencia-em-cidades-da-bahia","status":"publish","type":"post","link":"https:\/\/www.sudoestehoje.com.br\/novoportal\/2016\/01\/27\/rui-diz-que-sao-inveridicos-dados-sobre-violencia-em-cidades-da-bahia\/","title":{"rendered":"RUI DIZ QUE S\u00c3O &#8220;INVER\u00cdDICOS&#8221; DADOS SOBRE VIOL\u00caNCIA EM CIDADES DA BAHIA"},"content":{"rendered":"<p><a href=\"http:\/\/www.sudoestehoje.com.br\/novoportal\/wp-content\/uploads\/2016\/01\/RUISECRETARIO-448x336.jpg\"><img loading=\"lazy\" decoding=\"async\" class=\"aligncenter  wp-image-55202\" src=\"http:\/\/www.sudoestehoje.com.br\/novoportal\/wp-content\/uploads\/2016\/01\/RUISECRETARIO-448x336.jpg\" alt=\"RUISECRETARIO-448x336\" width=\"500\" height=\"375\" \/><\/a><\/p>\n<p>O governador baiano Rui Costa (PT) afirmou que \u201cs\u00e3o inver\u00eddicos\u201d os dados divulgados na \u00faltima segunda-feira (25) por uma ONG mexicana colocando <a href=\"http:\/\/www.todabahia.com.br\/salvador-feira-e-conquista-estao-entre-as-50-cidades-mais-violentas-do-mundo\/\" target=\"_blank\"><strong>Salvador, Feira de Santana e Vit\u00f3ria da Conquista entre as 50 cidades mais violentas do mundo em 2015<\/strong><\/a>.<\/p>\n<p>\u201cOs n\u00fameros que foram divulgados essa semana sobre as cidades baianas s\u00e3o inver\u00eddicos sem nenhuma base cientifica e t\u00e9cnica. S\u00e3o n\u00fameros diferentes da realidade\u201d, afirmou Rui nesta quarta-feira (27) durante a cerim\u00f4nia de lan\u00e7amento da Opera\u00e7\u00e3o Carnaval 2016 ao site Metro 1.<\/p>\n<p>Rui destacou que, ao contr\u00e1rio do que os dados indicam, Salvador registrou uma queda no n\u00famero de homic\u00eddios. \u201cO Nordeste est\u00e1 em torno de 42, 43 homic\u00eddos a cada 100 mil, o estado da Bahia est\u00e1 com 38 homic\u00eddios a cada 100 mil. \u00c9 um n\u00famero alto, mas temos que reconhecer que nos \u00faltimos cinco anos temos tido uma redu\u00e7\u00e3o expressiva e cont\u00ednua\u201d, disse.<\/p>\n<p>Salvador e Regi\u00e3o Metropolitana aparecem na 14\u00aa posi\u00e7\u00e3o, enquanto que Feira de Santana e Vit\u00f3ria da Conquista est\u00e3o no 27\u00ba e 36\u00ba lugar, respectivamente.<\/p>\n<p><span style=\"line-height: 1.5;\">Confira a classifica\u00e7\u00e3o:<\/span><\/p>\n<p><img decoding=\"async\" class=\"aligncenter\" src=\"http:\/\/www.sudoestehoje.com.br\/novoportal\/wp-content\/uploads\/2015\/12\/FEIRA-DO-LAR-NOVO-BANNER-500x185.png\" alt=\"FEIRA DO LAR - NOVO BANNER\" \/><!--more--><\/p>\n<p><img loading=\"lazy\" decoding=\"async\" class=\"aligncenter\" src=\"http:\/\/static.blogdaresenhageral.com.br\/wp-content\/uploads\/2016\/01\/tabela-cidades.jpg?48d7cc\" alt=\"tabela cidades\" width=\"350\" height=\"1305\" \/><\/p>\n","protected":false},"excerpt":{"rendered":"<p>O governador baiano Rui Costa (PT) afirmou que \u201cs\u00e3o inver\u00eddicos\u201d os dados divulgados na \u00faltima segunda-feira (25) por uma ONG mexicana colocando Salvador, Feira de Santana e Vit\u00f3ria da Conquista entre as 50 cidades mais violentas do mundo em 2015. \u201cOs n\u00fameros que foram divulgados essa semana sobre as cidades baianas s\u00e3o inver\u00eddicos sem nenhuma [&hellip;]<\/p>\n","protected":false},"author":2,"featured_media":0,"comment_status":"open","ping_status":"open","sticky":false,"template":"","format":"standard","meta":{"footnotes":"","_links_to":"","_links_to_target":""},"categories":[1],"tags":[],"class_list":["post-55200","post","type-post","status-publish","format-standard","hentry","category-geral"],"views":1276,"_links":{"self":[{"href":"https:\/\/www.sudoestehoje.com.br\/novoportal\/wp-json\/wp\/v2\/posts\/55200","targetHints":{"allow":["GET"]}}],"collection":[{"href":"https:\/\/www.sudoestehoje.com.br\/novoportal\/wp-json\/wp\/v2\/posts"}],"about":[{"href":"https:\/\/www.sudoestehoje.com.br\/novoportal\/wp-json\/wp\/v2\/types\/post"}],"author":[{"embeddable":true,"href":"https:\/\/www.sudoestehoje.com.br\/novoportal\/wp-json\/wp\/v2\/users\/2"}],"replies":[{"embeddable":true,"href":"https:\/\/www.sudoestehoje.com.br\/novoportal\/wp-json\/wp\/v2\/comments?post=55200"}],"version-history":[{"count":6,"href":"https:\/\/www.sudoestehoje.com.br\/novoportal\/wp-json\/wp\/v2\/posts\/55200\/revisions"}],"predecessor-version":[{"id":55220,"href":"https:\/\/www.sudoestehoje.com.br\/novoportal\/wp-json\/wp\/v2\/posts\/55200\/revisions\/55220"}],"wp:attachment":[{"href":"https:\/\/www.sudoestehoje.com.br\/novoportal\/wp-json\/wp\/v2\/media?parent=55200"}],"wp:term":[{"taxonomy":"category","embeddable":true,"href":"https:\/\/www.sudoestehoje.com.br\/novoportal\/wp-json\/wp\/v2\/categories?post=55200"},{"taxonomy":"post_tag","embeddable":true,"href":"https:\/\/www.sudoestehoje.com.br\/novoportal\/wp-json\/wp\/v2\/tags?post=55200"}],"curies":[{"name":"wp","href":"https:\/\/api.w.org\/{rel}","templated":true}]}}