
{"id":55191,"date":"2016-01-26T21:04:55","date_gmt":"2016-01-27T00:04:55","guid":{"rendered":"http:\/\/www.sudoestehoje.com.br\/novoportal\/?p=55191"},"modified":"2016-01-26T21:28:31","modified_gmt":"2016-01-27T00:28:31","slug":"pastor-edimar-e-localizado-e-preso-na-regiao-de-dario-meira-no-sul-do-estado","status":"publish","type":"post","link":"https:\/\/www.sudoestehoje.com.br\/novoportal\/2016\/01\/26\/pastor-edimar-e-localizado-e-preso-na-regiao-de-dario-meira-no-sul-do-estado\/","title":{"rendered":"PASTOR EDIMAR \u00c9 CAPTURADO NA REGI\u00c3O DE D\u00c1RIO MEIRA, NO CENTRO SUL DO ESTADO"},"content":{"rendered":"<p><a href=\"http:\/\/www.sudoestehoje.com.br\/novoportal\/wp-content\/uploads\/2016\/01\/edimar.jpg\"><img loading=\"lazy\" decoding=\"async\" class=\"aligncenter size-medium wp-image-55192\" src=\"http:\/\/www.sudoestehoje.com.br\/novoportal\/wp-content\/uploads\/2016\/01\/edimar-500x333.jpg\" alt=\"edimar\" width=\"500\" height=\"333\" \/><\/a><\/p>\n<p>Sete dias depois do crime que chocou o interior da Bahia, \u00e9 preso o\u00a0pastor Edmar Santos Brito. Segundo informa\u00e7\u00f5es preliminares, o acusado de assassinar a pedradas\u00a0\u00a0a pastora Marcilene Oliveira Sampaio e sua prima,\u00a0Ana Cristina Sampaio, foi localizado na regi\u00e3o de D\u00e1rio Meira na tarde desta ter\u00e7a-feira (26).<\/p>\n<p>A pol\u00edcia teria chegado at\u00e9 o pastor depois de receber a informa\u00e7\u00e3o que o suspeito estaria na regi\u00e3o de Floresta Azul, onde ele recebeu guarida de outros \u201cpastores\u201d. De l\u00e1, Edimar seguiu at\u00e9 uma fazenda entre os munic\u00edpios de D\u00e1rio Meira e Ibicu\u00ed. Quando a pol\u00edcia se aproximava do esconderijo do \u201cpastor\u201d, o advogado entrou em contato e iniciou a negocia\u00e7\u00e3o para pris\u00e3o de Edmar.<\/p>\n<p>O pastor Edmar j\u00e1 est\u00e1 sendo recambiado para Vit\u00f3ria da Conquista. A expectativa \u00e9 que ele seja apresentado \u00e0 imprensa na manh\u00e3 desta quarta-feira (27). A Pol\u00edcia Civil j\u00e1 tinha marcado uma entrevista coletiva, para \u00e0s 8 horas, com o objetivo de passar mais detalhes sobre o caso. Resenha Geral<\/p>\n","protected":false},"excerpt":{"rendered":"<p>Sete dias depois do crime que chocou o interior da Bahia, \u00e9 preso o\u00a0pastor Edmar Santos Brito. Segundo informa\u00e7\u00f5es preliminares, o acusado de assassinar a pedradas\u00a0\u00a0a pastora Marcilene Oliveira Sampaio e sua prima,\u00a0Ana Cristina Sampaio, foi localizado na regi\u00e3o de D\u00e1rio Meira na tarde desta ter\u00e7a-feira (26). A pol\u00edcia teria chegado at\u00e9 o pastor depois [&hellip;]<\/p>\n","protected":false},"author":2,"featured_media":0,"comment_status":"open","ping_status":"open","sticky":false,"template":"","format":"standard","meta":{"footnotes":"","_links_to":"","_links_to_target":""},"categories":[1],"tags":[],"class_list":["post-55191","post","type-post","status-publish","format-standard","hentry","category-geral"],"views":1893,"_links":{"self":[{"href":"https:\/\/www.sudoestehoje.com.br\/novoportal\/wp-json\/wp\/v2\/posts\/55191","targetHints":{"allow":["GET"]}}],"collection":[{"href":"https:\/\/www.sudoestehoje.com.br\/novoportal\/wp-json\/wp\/v2\/posts"}],"about":[{"href":"https:\/\/www.sudoestehoje.com.br\/novoportal\/wp-json\/wp\/v2\/types\/post"}],"author":[{"embeddable":true,"href":"https:\/\/www.sudoestehoje.com.br\/novoportal\/wp-json\/wp\/v2\/users\/2"}],"replies":[{"embeddable":true,"href":"https:\/\/www.sudoestehoje.com.br\/novoportal\/wp-json\/wp\/v2\/comments?post=55191"}],"version-history":[{"count":3,"href":"https:\/\/www.sudoestehoje.com.br\/novoportal\/wp-json\/wp\/v2\/posts\/55191\/revisions"}],"predecessor-version":[{"id":55195,"href":"https:\/\/www.sudoestehoje.com.br\/novoportal\/wp-json\/wp\/v2\/posts\/55191\/revisions\/55195"}],"wp:attachment":[{"href":"https:\/\/www.sudoestehoje.com.br\/novoportal\/wp-json\/wp\/v2\/media?parent=55191"}],"wp:term":[{"taxonomy":"category","embeddable":true,"href":"https:\/\/www.sudoestehoje.com.br\/novoportal\/wp-json\/wp\/v2\/categories?post=55191"},{"taxonomy":"post_tag","embeddable":true,"href":"https:\/\/www.sudoestehoje.com.br\/novoportal\/wp-json\/wp\/v2\/tags?post=55191"}],"curies":[{"name":"wp","href":"https:\/\/api.w.org\/{rel}","templated":true}]}}