
{"id":55175,"date":"2016-01-26T11:41:25","date_gmt":"2016-01-26T14:41:25","guid":{"rendered":"http:\/\/www.sudoestehoje.com.br\/novoportal\/?p=55175"},"modified":"2016-01-26T11:41:25","modified_gmt":"2016-01-26T14:41:25","slug":"foragido-pastor-edimar-tem-prisao-preventiva-decretada-pela-justica","status":"publish","type":"post","link":"https:\/\/www.sudoestehoje.com.br\/novoportal\/2016\/01\/26\/foragido-pastor-edimar-tem-prisao-preventiva-decretada-pela-justica\/","title":{"rendered":"FORAGIDO, PASTOR EDIMAR TEM PRIS\u00c3O PREVENTIVA DECRETADA PELA JUSTI\u00c7A"},"content":{"rendered":"<p><a href=\"http:\/\/www.sudoestehoje.com.br\/novoportal\/wp-content\/uploads\/2016\/01\/Edmar-1.jpg\"><img loading=\"lazy\" decoding=\"async\" class=\" size-full wp-image-55176 alignleft\" src=\"http:\/\/www.sudoestehoje.com.br\/novoportal\/wp-content\/uploads\/2016\/01\/Edmar-1.jpg\" alt=\"Edmar (1)\" width=\"249\" height=\"269\" \/><\/a><\/p>\n<p>Nessa segunda-feira (25), o juiz da Vara do J\u00fari e de Execu\u00e7\u00f5es Penais, Reno Viana, decretou a pris\u00e3o preventiva de Edmar Santos Brito. Edmar \u00e9 o principal suspeito de ter arquitetado o sequestro do pastor Carlos Eduardo,\u00a0pastora Marcilene Oliveira Sampaio e sua prima,\u00a0Ana Cristina Sampaio, no dia 19 de janeiro. A a\u00e7\u00e3o criminosa resultou na morte das duas mulheres, assassinadas a pedradas, e no espancamento do pastor Carlos Eduardo.<\/p>\n<p>F\u00e1bio de Jesus Santos e Adriano Silva dos Santos, acusados em participar do crime, tamb\u00e9m tiveram a pris\u00e3o preventiva decretada. Eles foram presos pela pol\u00edcia no dia seguinte ao crime e encaminhados para o presidio Nilton Gon\u00e7alves, onde est\u00e3o \u00e0 disposi\u00e7\u00e3o da Justi\u00e7a. J\u00e1 o pastor Edmar ainda est\u00e1 foragido.<\/p>\n<p>O principal acusado est\u00e1 sendo procurado pelas cidades da regi\u00e3o Sudoeste. A\u00a0pol\u00edcia pede a quem tiver alguma informa\u00e7\u00e3o sobre o pastor Edmar entrar em contato pelo 197 do Disk Den\u00fancia, ou ainda pelo 190. Resenha Geral<\/p>\n<p><img decoding=\"async\" class=\"aligncenter\" src=\"http:\/\/www.sudoestehoje.com.br\/novoportal\/wp-content\/uploads\/2015\/12\/rezende-500x185.png\" alt=\"rezende\" \/><\/p>\n","protected":false},"excerpt":{"rendered":"<p>Nessa segunda-feira (25), o juiz da Vara do J\u00fari e de Execu\u00e7\u00f5es Penais, Reno Viana, decretou a pris\u00e3o preventiva de Edmar Santos Brito. Edmar \u00e9 o principal suspeito de ter arquitetado o sequestro do pastor Carlos Eduardo,\u00a0pastora Marcilene Oliveira Sampaio e sua prima,\u00a0Ana Cristina Sampaio, no dia 19 de janeiro. A a\u00e7\u00e3o criminosa resultou na [&hellip;]<\/p>\n","protected":false},"author":2,"featured_media":0,"comment_status":"open","ping_status":"open","sticky":false,"template":"","format":"standard","meta":{"footnotes":"","_links_to":"","_links_to_target":""},"categories":[1],"tags":[],"class_list":["post-55175","post","type-post","status-publish","format-standard","hentry","category-geral"],"views":1621,"_links":{"self":[{"href":"https:\/\/www.sudoestehoje.com.br\/novoportal\/wp-json\/wp\/v2\/posts\/55175","targetHints":{"allow":["GET"]}}],"collection":[{"href":"https:\/\/www.sudoestehoje.com.br\/novoportal\/wp-json\/wp\/v2\/posts"}],"about":[{"href":"https:\/\/www.sudoestehoje.com.br\/novoportal\/wp-json\/wp\/v2\/types\/post"}],"author":[{"embeddable":true,"href":"https:\/\/www.sudoestehoje.com.br\/novoportal\/wp-json\/wp\/v2\/users\/2"}],"replies":[{"embeddable":true,"href":"https:\/\/www.sudoestehoje.com.br\/novoportal\/wp-json\/wp\/v2\/comments?post=55175"}],"version-history":[{"count":2,"href":"https:\/\/www.sudoestehoje.com.br\/novoportal\/wp-json\/wp\/v2\/posts\/55175\/revisions"}],"predecessor-version":[{"id":55178,"href":"https:\/\/www.sudoestehoje.com.br\/novoportal\/wp-json\/wp\/v2\/posts\/55175\/revisions\/55178"}],"wp:attachment":[{"href":"https:\/\/www.sudoestehoje.com.br\/novoportal\/wp-json\/wp\/v2\/media?parent=55175"}],"wp:term":[{"taxonomy":"category","embeddable":true,"href":"https:\/\/www.sudoestehoje.com.br\/novoportal\/wp-json\/wp\/v2\/categories?post=55175"},{"taxonomy":"post_tag","embeddable":true,"href":"https:\/\/www.sudoestehoje.com.br\/novoportal\/wp-json\/wp\/v2\/tags?post=55175"}],"curies":[{"name":"wp","href":"https:\/\/api.w.org\/{rel}","templated":true}]}}