
{"id":55170,"date":"2016-01-25T21:39:47","date_gmt":"2016-01-26T00:39:47","guid":{"rendered":"http:\/\/www.sudoestehoje.com.br\/novoportal\/?p=55170"},"modified":"2016-01-25T21:41:23","modified_gmt":"2016-01-26T00:41:23","slug":"itapetinga-hospital-cristo-redentor-supera-crise-eletrica","status":"publish","type":"post","link":"https:\/\/www.sudoestehoje.com.br\/novoportal\/2016\/01\/25\/itapetinga-hospital-cristo-redentor-supera-crise-eletrica\/","title":{"rendered":"ITAPETINGA: HOSPITAL CRISTO REDENTOR SUPERA CRISE EL\u00c9TRICA"},"content":{"rendered":"<div id=\"attachment_55171\" style=\"width: 510px\" class=\"wp-caption aligncenter\"><a href=\"http:\/\/www.sudoestehoje.com.br\/novoportal\/wp-content\/uploads\/2016\/01\/Hospital-Cristo-redentor-1.jpg\"><img loading=\"lazy\" decoding=\"async\" aria-describedby=\"caption-attachment-55171\" class=\"size-medium wp-image-55171\" src=\"http:\/\/www.sudoestehoje.com.br\/novoportal\/wp-content\/uploads\/2016\/01\/Hospital-Cristo-redentor-1-500x281.jpg\" alt=\"GRUPO GERADOR FOI ACIONADO PARA GARANTIR O FORNECIMENTO DE ENERGIA AO HCR\" width=\"500\" height=\"281\" srcset=\"https:\/\/www.sudoestehoje.com.br\/novoportal\/wp-content\/uploads\/2016\/01\/Hospital-Cristo-redentor-1-500x281.jpg 500w, https:\/\/www.sudoestehoje.com.br\/novoportal\/wp-content\/uploads\/2016\/01\/Hospital-Cristo-redentor-1-700x393.jpg 700w, https:\/\/www.sudoestehoje.com.br\/novoportal\/wp-content\/uploads\/2016\/01\/Hospital-Cristo-redentor-1.jpg 800w\" sizes=\"auto, (max-width: 500px) 100vw, 500px\" \/><\/a><p id=\"caption-attachment-55171\" class=\"wp-caption-text\">GRUPO GERADOR FOI ACIONADO PARA GARANTIR O FORNECIMENTO DE ENERGIA AO HCR<\/p><\/div>\n<p>A interrup\u00e7\u00e3o no fornecimento de energia el\u00e9trica n\u00e3o \u00e9 comum, mas acontece. Quando estamos em casa, &#8220;no escuro&#8221;, torcemos para que ela volte logo, somos dependentes deste recurso. No \u00faltimo fim de semana, a Regi\u00e3o do M\u00e9dio Sudoeste ficou aproximadamente 42 horas sem energia el\u00e9trica por conta da queda de uma torre de transmiss\u00e3o de energia el\u00e9trica, localizada no Ponto de Ast\u00e9rio, em Firmino Alves.<\/p>\n<p>Durante esse per\u00edodo, o Hospital Cristo Redentor, administrado pela Funda\u00e7\u00e3o Jos\u00e9 Silveira (FJS), em Itapetinga, superou a \u201ccrise\u201d el\u00e9trica, gra\u00e7as h\u00e1 um trabalho de preven\u00e7\u00e3o desenvolvido pela coordenadora administrativa Amanda Braga que junto com sua equipe aprimorou o seu sistema de energia com geradores j\u00e1 existentes, fornecendo eletricidade para 100% da institui\u00e7\u00e3o.<\/p>\n<p><em> \u201cTrabalhamos firme para n\u00e3o haver a descontinuidade no atendimento. Gra\u00e7as a Deus e aos nossos colaboradores em geral que n\u00e3o mediram esfor\u00e7os. Agrade\u00e7o tamb\u00e9m a equipe do Hemoba pela parceria\u201d<\/em>, afirmou Amanda Braga.<\/p>\n<p>O trabalho preventivo da coordenadora evitou um caos na maior unidade de sa\u00fade da Regi\u00e3o, que funcionou normalmente durante esse per\u00edodo sem energia na Regi\u00e3o do M\u00e9dio Sudoeste. Ascom.<\/p>\n<p><img decoding=\"async\" class=\"aligncenter\" src=\"http:\/\/img.blogdoanderson.com\/publicidade\/cristo-redentor-02-15.jpg\" alt=\"\" \/><\/p>\n","protected":false},"excerpt":{"rendered":"<p>A interrup\u00e7\u00e3o no fornecimento de energia el\u00e9trica n\u00e3o \u00e9 comum, mas acontece. Quando estamos em casa, &#8220;no escuro&#8221;, torcemos para que ela volte logo, somos dependentes deste recurso. No \u00faltimo fim de semana, a Regi\u00e3o do M\u00e9dio Sudoeste ficou aproximadamente 42 horas sem energia el\u00e9trica por conta da queda de uma torre de transmiss\u00e3o de [&hellip;]<\/p>\n","protected":false},"author":2,"featured_media":0,"comment_status":"open","ping_status":"open","sticky":false,"template":"","format":"standard","meta":{"footnotes":"","_links_to":"","_links_to_target":""},"categories":[1],"tags":[],"class_list":["post-55170","post","type-post","status-publish","format-standard","hentry","category-geral"],"views":1589,"_links":{"self":[{"href":"https:\/\/www.sudoestehoje.com.br\/novoportal\/wp-json\/wp\/v2\/posts\/55170","targetHints":{"allow":["GET"]}}],"collection":[{"href":"https:\/\/www.sudoestehoje.com.br\/novoportal\/wp-json\/wp\/v2\/posts"}],"about":[{"href":"https:\/\/www.sudoestehoje.com.br\/novoportal\/wp-json\/wp\/v2\/types\/post"}],"author":[{"embeddable":true,"href":"https:\/\/www.sudoestehoje.com.br\/novoportal\/wp-json\/wp\/v2\/users\/2"}],"replies":[{"embeddable":true,"href":"https:\/\/www.sudoestehoje.com.br\/novoportal\/wp-json\/wp\/v2\/comments?post=55170"}],"version-history":[{"count":3,"href":"https:\/\/www.sudoestehoje.com.br\/novoportal\/wp-json\/wp\/v2\/posts\/55170\/revisions"}],"predecessor-version":[{"id":55174,"href":"https:\/\/www.sudoestehoje.com.br\/novoportal\/wp-json\/wp\/v2\/posts\/55170\/revisions\/55174"}],"wp:attachment":[{"href":"https:\/\/www.sudoestehoje.com.br\/novoportal\/wp-json\/wp\/v2\/media?parent=55170"}],"wp:term":[{"taxonomy":"category","embeddable":true,"href":"https:\/\/www.sudoestehoje.com.br\/novoportal\/wp-json\/wp\/v2\/categories?post=55170"},{"taxonomy":"post_tag","embeddable":true,"href":"https:\/\/www.sudoestehoje.com.br\/novoportal\/wp-json\/wp\/v2\/tags?post=55170"}],"curies":[{"name":"wp","href":"https:\/\/api.w.org\/{rel}","templated":true}]}}