
{"id":55159,"date":"2016-01-24T18:26:15","date_gmt":"2016-01-24T21:26:15","guid":{"rendered":"http:\/\/www.sudoestehoje.com.br\/novoportal\/?p=55159"},"modified":"2016-01-24T18:26:15","modified_gmt":"2016-01-24T21:26:15","slug":"apagao-depois-de-42-horas-energia-e-restabelecida-em-itapetinga-e-regiao","status":"publish","type":"post","link":"https:\/\/www.sudoestehoje.com.br\/novoportal\/2016\/01\/24\/apagao-depois-de-42-horas-energia-e-restabelecida-em-itapetinga-e-regiao\/","title":{"rendered":"APAG\u00c3O: DEPOIS DE 42 HORAS, ENERGIA \u00c9 RESTABELECIDA EM ITAPETINGA E REGI\u00c3O"},"content":{"rendered":"<p><a href=\"http:\/\/www.sudoestehoje.com.br\/novoportal\/wp-content\/uploads\/2016\/01\/ita.jpg\"><img loading=\"lazy\" decoding=\"async\" class=\"aligncenter size-medium wp-image-55160\" src=\"http:\/\/www.sudoestehoje.com.br\/novoportal\/wp-content\/uploads\/2016\/01\/ita-500x375.jpg\" alt=\"ita\" width=\"500\" height=\"375\" srcset=\"https:\/\/www.sudoestehoje.com.br\/novoportal\/wp-content\/uploads\/2016\/01\/ita-500x375.jpg 500w, https:\/\/www.sudoestehoje.com.br\/novoportal\/wp-content\/uploads\/2016\/01\/ita-700x525.jpg 700w, https:\/\/www.sudoestehoje.com.br\/novoportal\/wp-content\/uploads\/2016\/01\/ita.jpg 1024w\" sizes=\"auto, (max-width: 500px) 100vw, 500px\" \/><\/a><\/p>\n<p>Por volta das 17h30, a popula\u00e7\u00e3o de Itapetinga e cidades da regi\u00e3o comemorou a volta do fornecimento de energia el\u00e9trica, depois de uma espera agonizante e dos transtornos causados pelo apag\u00e3o.<\/p>\n<p>Foram cerca de 42 horas de espera e sofrimento, j\u00e1 que a falta de energia trouxe uma s\u00e9rie de problemas em cadeia, como a falta de \u00e1gua, combust\u00edveis e internet, sem falar da falta de alimentos e outros g\u00eaneros de primeira necessidade, como velas para iluminar as resid\u00eancias, durante as duas intermin\u00e1veis noites de escurid\u00e3o.<\/p>\n<p>Foi intenso o trabalho da Coelba para recuperar a torre que caiu nas imedia\u00e7\u00f5es de Rio do Meio e Ponto de Ast\u00e9rio, mas h\u00e1 den\u00fancias de que houve neglig\u00eancia por parte da empresa, j\u00e1 que o local vinha sofrendo com a eros\u00e3o, h\u00e1 muito tempo, e a Coelba n\u00e3o teria tomado as medidas necess\u00e1rias para evitar a queda da torre.<\/p>\n<p>Os preju\u00edzos com a perda de alimentos congelados e at\u00e9 medicamentos e vacinas, \u00e9 incalcul\u00e1vel, sem falar nos problemas que sempre s\u00e3o causados aos aparelhos e equipamentos el\u00e9tricos, quando ocorrem esses apag\u00f5es.<\/p>\n<p>Resta saber quem vai pagar os preju\u00edzos, j\u00e1 que a conta de luz n\u00e3o pode atrasar.<\/p>\n<p><strong><em>Por Davi Ferraz\u00a0<\/em><\/strong><\/p>\n","protected":false},"excerpt":{"rendered":"<p>Por volta das 17h30, a popula\u00e7\u00e3o de Itapetinga e cidades da regi\u00e3o comemorou a volta do fornecimento de energia el\u00e9trica, depois de uma espera agonizante e dos transtornos causados pelo apag\u00e3o. Foram cerca de 42 horas de espera e sofrimento, j\u00e1 que a falta de energia trouxe uma s\u00e9rie de problemas em cadeia, como a [&hellip;]<\/p>\n","protected":false},"author":2,"featured_media":0,"comment_status":"open","ping_status":"open","sticky":false,"template":"","format":"standard","meta":{"footnotes":"","_links_to":"","_links_to_target":""},"categories":[1],"tags":[],"class_list":["post-55159","post","type-post","status-publish","format-standard","hentry","category-geral"],"views":2287,"_links":{"self":[{"href":"https:\/\/www.sudoestehoje.com.br\/novoportal\/wp-json\/wp\/v2\/posts\/55159","targetHints":{"allow":["GET"]}}],"collection":[{"href":"https:\/\/www.sudoestehoje.com.br\/novoportal\/wp-json\/wp\/v2\/posts"}],"about":[{"href":"https:\/\/www.sudoestehoje.com.br\/novoportal\/wp-json\/wp\/v2\/types\/post"}],"author":[{"embeddable":true,"href":"https:\/\/www.sudoestehoje.com.br\/novoportal\/wp-json\/wp\/v2\/users\/2"}],"replies":[{"embeddable":true,"href":"https:\/\/www.sudoestehoje.com.br\/novoportal\/wp-json\/wp\/v2\/comments?post=55159"}],"version-history":[{"count":3,"href":"https:\/\/www.sudoestehoje.com.br\/novoportal\/wp-json\/wp\/v2\/posts\/55159\/revisions"}],"predecessor-version":[{"id":55163,"href":"https:\/\/www.sudoestehoje.com.br\/novoportal\/wp-json\/wp\/v2\/posts\/55159\/revisions\/55163"}],"wp:attachment":[{"href":"https:\/\/www.sudoestehoje.com.br\/novoportal\/wp-json\/wp\/v2\/media?parent=55159"}],"wp:term":[{"taxonomy":"category","embeddable":true,"href":"https:\/\/www.sudoestehoje.com.br\/novoportal\/wp-json\/wp\/v2\/categories?post=55159"},{"taxonomy":"post_tag","embeddable":true,"href":"https:\/\/www.sudoestehoje.com.br\/novoportal\/wp-json\/wp\/v2\/tags?post=55159"}],"curies":[{"name":"wp","href":"https:\/\/api.w.org\/{rel}","templated":true}]}}