
{"id":55155,"date":"2016-01-24T13:09:50","date_gmt":"2016-01-24T16:09:50","guid":{"rendered":"http:\/\/www.sudoestehoje.com.br\/novoportal\/?p=55155"},"modified":"2016-01-24T13:09:50","modified_gmt":"2016-01-24T16:09:50","slug":"falta-de-energia-em-itapetinga-e-regiao-repercute-em-todo-o-estado","status":"publish","type":"post","link":"https:\/\/www.sudoestehoje.com.br\/novoportal\/2016\/01\/24\/falta-de-energia-em-itapetinga-e-regiao-repercute-em-todo-o-estado\/","title":{"rendered":"FALTA DE ENERGIA EM ITAPETINGA E REGI\u00c3O REPERCUTE EM TODO O ESTADO"},"content":{"rendered":"<p>Em mat\u00e9ria postada na manh\u00e3 deste domingo, o prestigiado site BAHIA NOT\u00cdCIAS, de Salvador, repercutiu a mat\u00e9ria do <span style=\"text-decoration: underline;\"><em>Sudoeste Hoje<\/em><\/span>, sobre o corte do fornecimento de energia em Itapetinga e cidades da regi\u00e3o. Confira o texto do BN:<\/p>\n<p><a href=\"http:\/\/www.sudoestehoje.com.br\/novoportal\/wp-content\/uploads\/2016\/01\/VELA.jpg\"><img loading=\"lazy\" decoding=\"async\" class=\"aligncenter  wp-image-55156\" src=\"http:\/\/www.sudoestehoje.com.br\/novoportal\/wp-content\/uploads\/2016\/01\/VELA.jpg\" alt=\"VELA\" width=\"501\" height=\"369\" \/><\/a><\/p>\n<p><strong><em>&#8220;Ao menos 13 munic\u00edpios ficaram sem energia el\u00e9trica neste s\u00e1bado por conta do desabamento de uma torre de transmiss\u00e3o no munic\u00edpio de Firmino Alves, sudoeste baiano, ap\u00f3s forte chuva. De acordo com informa\u00e7\u00f5es do site <span style=\"text-decoration: underline;\">Sudoeste Hoje<\/span>, a torre se localizava pr\u00f3ximo ao Ponto do Ast\u00e9rio e caiu por volta da 0h de s\u00e1bado. Al\u00e9m de Firmino Alves, foram afetadas as cidades de Itapetinga, Caatiba, Itamb\u00e9, Encruzilhada, C\u00e2ndido Sales, Itarantim, Ribeir\u00e3o do Largo, Macarani, Itarantim, Maiquinique e Potiragu\u00e1, al\u00e9m de distritos de Boa Vista do Tapera. Segundo informa\u00e7\u00f5es do Sudoeste Hoje, a Coelba afirmou que o problema ocorreu por conta da eros\u00e3o gerada pela chuva na base da torre. At\u00e9 \u00e0s 19h30, o fornecimento ainda n\u00e3o havia sido retomado. De acordo com informa\u00e7\u00f5es do jornal A Tarde, o abastecimento j\u00e1 foi restabelecido em\u00a0Itarantim, Maiquinique e Potiragu\u00e1, ainda na noite deste s\u00e1bado.<\/em>&#8220;<\/strong><\/p>\n<p>Postando mat\u00e9rias com agilidade e textos de qualidade, o <em><span style=\"text-decoration: underline;\">Sudoeste Hoje<\/span><\/em>\u00a0se firma, a cada dia, como blog l\u00edder em toda a regi\u00e3o.<\/p>\n<p><strong><em>Por Davi Ferraz<\/em><\/strong><\/p>\n","protected":false},"excerpt":{"rendered":"<p>Em mat\u00e9ria postada na manh\u00e3 deste domingo, o prestigiado site BAHIA NOT\u00cdCIAS, de Salvador, repercutiu a mat\u00e9ria do Sudoeste Hoje, sobre o corte do fornecimento de energia em Itapetinga e cidades da regi\u00e3o. Confira o texto do BN: &#8220;Ao menos 13 munic\u00edpios ficaram sem energia el\u00e9trica neste s\u00e1bado por conta do desabamento de uma torre [&hellip;]<\/p>\n","protected":false},"author":2,"featured_media":0,"comment_status":"open","ping_status":"open","sticky":false,"template":"","format":"standard","meta":{"footnotes":"","_links_to":"","_links_to_target":""},"categories":[1],"tags":[],"class_list":["post-55155","post","type-post","status-publish","format-standard","hentry","category-geral"],"views":2176,"_links":{"self":[{"href":"https:\/\/www.sudoestehoje.com.br\/novoportal\/wp-json\/wp\/v2\/posts\/55155","targetHints":{"allow":["GET"]}}],"collection":[{"href":"https:\/\/www.sudoestehoje.com.br\/novoportal\/wp-json\/wp\/v2\/posts"}],"about":[{"href":"https:\/\/www.sudoestehoje.com.br\/novoportal\/wp-json\/wp\/v2\/types\/post"}],"author":[{"embeddable":true,"href":"https:\/\/www.sudoestehoje.com.br\/novoportal\/wp-json\/wp\/v2\/users\/2"}],"replies":[{"embeddable":true,"href":"https:\/\/www.sudoestehoje.com.br\/novoportal\/wp-json\/wp\/v2\/comments?post=55155"}],"version-history":[{"count":2,"href":"https:\/\/www.sudoestehoje.com.br\/novoportal\/wp-json\/wp\/v2\/posts\/55155\/revisions"}],"predecessor-version":[{"id":55158,"href":"https:\/\/www.sudoestehoje.com.br\/novoportal\/wp-json\/wp\/v2\/posts\/55155\/revisions\/55158"}],"wp:attachment":[{"href":"https:\/\/www.sudoestehoje.com.br\/novoportal\/wp-json\/wp\/v2\/media?parent=55155"}],"wp:term":[{"taxonomy":"category","embeddable":true,"href":"https:\/\/www.sudoestehoje.com.br\/novoportal\/wp-json\/wp\/v2\/categories?post=55155"},{"taxonomy":"post_tag","embeddable":true,"href":"https:\/\/www.sudoestehoje.com.br\/novoportal\/wp-json\/wp\/v2\/tags?post=55155"}],"curies":[{"name":"wp","href":"https:\/\/api.w.org\/{rel}","templated":true}]}}