
{"id":55148,"date":"2016-01-24T12:30:54","date_gmt":"2016-01-24T15:30:54","guid":{"rendered":"http:\/\/www.sudoestehoje.com.br\/novoportal\/?p=55148"},"modified":"2016-01-24T12:38:58","modified_gmt":"2016-01-24T15:38:58","slug":"itapetinga-esta-um-caos-sem-energia-sem-agua-e-sem-combustivel","status":"publish","type":"post","link":"https:\/\/www.sudoestehoje.com.br\/novoportal\/2016\/01\/24\/itapetinga-esta-um-caos-sem-energia-sem-agua-e-sem-combustivel\/","title":{"rendered":"ITAPETINGA EST\u00c1 UM CAOS: SEM ENERGIA, SEM \u00c1GUA, SEM COMBUST\u00cdVEL E SEM PREFEITO"},"content":{"rendered":"<div id=\"attachment_55149\" style=\"width: 510px\" class=\"wp-caption aligncenter\"><a href=\"http:\/\/www.sudoestehoje.com.br\/novoportal\/wp-content\/uploads\/2016\/01\/posto.jpg\"><img loading=\"lazy\" decoding=\"async\" aria-describedby=\"caption-attachment-55149\" class=\"size-medium wp-image-55149\" src=\"http:\/\/www.sudoestehoje.com.br\/novoportal\/wp-content\/uploads\/2016\/01\/posto-500x301.jpg\" alt=\"NO \u00daNICO POSTO DE GASOLINA COM GERADOR, A FILA \u00c9 QUILOM\u00c9TRICA\" width=\"500\" height=\"301\" srcset=\"https:\/\/www.sudoestehoje.com.br\/novoportal\/wp-content\/uploads\/2016\/01\/posto-500x301.jpg 500w, https:\/\/www.sudoestehoje.com.br\/novoportal\/wp-content\/uploads\/2016\/01\/posto-700x421.jpg 700w, https:\/\/www.sudoestehoje.com.br\/novoportal\/wp-content\/uploads\/2016\/01\/posto.jpg 960w\" sizes=\"auto, (max-width: 500px) 100vw, 500px\" \/><\/a><p id=\"caption-attachment-55149\" class=\"wp-caption-text\">NO \u00daNICO POSTO DE GASOLINA COM GERADOR, A FILA \u00c9 QUILOM\u00c9TRICA<\/p><\/div>\n<p>Com a queda de uma torre transmiss\u00e3o de energia nas imedia\u00e7\u00f5es de Rio do Meio, distrito de Itoror\u00f3, Itapetinga e diversas cidades da regi\u00e3o est\u00e3o sem energia el\u00e9trica h\u00e1 mais de 34 horas, o que vem causando in\u00fameros transtornos \u00e0 popula\u00e7\u00e3o.<\/p>\n<p>Um dos problemas mais graves causados pela falta de energia, est\u00e1 sendo a interrup\u00e7\u00e3o do fornecimento de \u00e1gua, j\u00e1 que o SAAE de Itapetinga n\u00e3o disp\u00f5e de geradores pr\u00f3prios, para mover as bombas que distribuem \u00e1gua para a cidade. Nem a loca\u00e7\u00e3o de geradores foi providenciada pela dire\u00e7\u00e3o do SAAE, apesar dos reclamos da popula\u00e7\u00e3o.<\/p>\n<p>Outro problema grave, est\u00e1 sendo a falta de combust\u00edveis, vez que os postos de gasolina tamb\u00e9m n\u00e3o disp\u00f5em de geradores.\u00a0Em um \u00fanico posto de gasolina, onde um gerador foi instalado \u00e0s pressas, a fila para abastecimento de motos e autom\u00f3veis \u00e9 quilom\u00e9trica. Muitos motoristas est\u00e3o indo abastecer seus carros em Itoror\u00f3 e no Distrito de Bandeira do Col\u00f4nia, que ficam a 28 km de Itapetinga, onde a energia j\u00e1 retornou.<\/p>\n<div id=\"attachment_55153\" style=\"width: 510px\" class=\"wp-caption aligncenter\"><a href=\"http:\/\/www.sudoestehoje.com.br\/novoportal\/wp-content\/uploads\/2016\/01\/torre.jpg\"><img loading=\"lazy\" decoding=\"async\" aria-describedby=\"caption-attachment-55153\" class=\"size-medium wp-image-55153\" src=\"http:\/\/www.sudoestehoje.com.br\/novoportal\/wp-content\/uploads\/2016\/01\/torre-500x281.jpg\" alt=\"T\u00c9CNICOS DA COELBA TRABALHAM PARA RECUPERAR TORRE QUE CAIU\" width=\"500\" height=\"281\" srcset=\"https:\/\/www.sudoestehoje.com.br\/novoportal\/wp-content\/uploads\/2016\/01\/torre-500x281.jpg 500w, https:\/\/www.sudoestehoje.com.br\/novoportal\/wp-content\/uploads\/2016\/01\/torre-700x394.jpg 700w, https:\/\/www.sudoestehoje.com.br\/novoportal\/wp-content\/uploads\/2016\/01\/torre.jpg 960w\" sizes=\"auto, (max-width: 500px) 100vw, 500px\" \/><\/a><p id=\"caption-attachment-55153\" class=\"wp-caption-text\">T\u00c9CNICOS DA COELBA TRABALHAM PARA RECUPERAR TORRE QUE CAIU<\/p><\/div>\n<p>Mesmo diante do caos instalado no munic\u00edpio, o prefeito Z\u00e9 Carlos (PT) desapareceu da cidade, desde a noite sexta-feira, quando a energia foi cortada. H\u00e1 informa\u00e7\u00f5es de que possa estar descansando em Vit\u00f3ria da Conquista, onde tem residido nos \u00faltimos dois anos.\u00a0A popula\u00e7\u00e3o est\u00e1 entregue a Deus e aos incompetentes assessores do prefeito, que nada resolvem.<\/p>\n<p>A Coelba n\u00e3o tem previs\u00e3o de quando o problema ser\u00e1 sanado, uma vez que a torre caiu em uma serra de dif\u00edcil acesso.\u00a0Se o fornecimento de energia n\u00e3o retornar neste domingo, bancos e com\u00e9rcio \u00a0n\u00e3o abrir\u00e3o nesta segunda-feira, o que deixar\u00e1 a cidade em situa\u00e7\u00e3o de calamidade.<\/p>\n<p>H\u00e1 informa\u00e7\u00f5es de que o problema n\u00e3o ser\u00e1 resolvido antes da pr\u00f3xima quarta-feira.<\/p>\n<p><strong><em>Por Davi Ferraz<\/em><\/strong><\/p>\n","protected":false},"excerpt":{"rendered":"<p>Com a queda de uma torre transmiss\u00e3o de energia nas imedia\u00e7\u00f5es de Rio do Meio, distrito de Itoror\u00f3, Itapetinga e diversas cidades da regi\u00e3o est\u00e3o sem energia el\u00e9trica h\u00e1 mais de 34 horas, o que vem causando in\u00fameros transtornos \u00e0 popula\u00e7\u00e3o. Um dos problemas mais graves causados pela falta de energia, est\u00e1 sendo a interrup\u00e7\u00e3o [&hellip;]<\/p>\n","protected":false},"author":2,"featured_media":0,"comment_status":"open","ping_status":"open","sticky":false,"template":"","format":"standard","meta":{"footnotes":"","_links_to":"","_links_to_target":""},"categories":[1],"tags":[],"class_list":["post-55148","post","type-post","status-publish","format-standard","hentry","category-geral"],"views":3503,"_links":{"self":[{"href":"https:\/\/www.sudoestehoje.com.br\/novoportal\/wp-json\/wp\/v2\/posts\/55148","targetHints":{"allow":["GET"]}}],"collection":[{"href":"https:\/\/www.sudoestehoje.com.br\/novoportal\/wp-json\/wp\/v2\/posts"}],"about":[{"href":"https:\/\/www.sudoestehoje.com.br\/novoportal\/wp-json\/wp\/v2\/types\/post"}],"author":[{"embeddable":true,"href":"https:\/\/www.sudoestehoje.com.br\/novoportal\/wp-json\/wp\/v2\/users\/2"}],"replies":[{"embeddable":true,"href":"https:\/\/www.sudoestehoje.com.br\/novoportal\/wp-json\/wp\/v2\/comments?post=55148"}],"version-history":[{"count":4,"href":"https:\/\/www.sudoestehoje.com.br\/novoportal\/wp-json\/wp\/v2\/posts\/55148\/revisions"}],"predecessor-version":[{"id":55154,"href":"https:\/\/www.sudoestehoje.com.br\/novoportal\/wp-json\/wp\/v2\/posts\/55148\/revisions\/55154"}],"wp:attachment":[{"href":"https:\/\/www.sudoestehoje.com.br\/novoportal\/wp-json\/wp\/v2\/media?parent=55148"}],"wp:term":[{"taxonomy":"category","embeddable":true,"href":"https:\/\/www.sudoestehoje.com.br\/novoportal\/wp-json\/wp\/v2\/categories?post=55148"},{"taxonomy":"post_tag","embeddable":true,"href":"https:\/\/www.sudoestehoje.com.br\/novoportal\/wp-json\/wp\/v2\/tags?post=55148"}],"curies":[{"name":"wp","href":"https:\/\/api.w.org\/{rel}","templated":true}]}}