
{"id":55140,"date":"2016-01-23T18:40:25","date_gmt":"2016-01-23T21:40:25","guid":{"rendered":"http:\/\/www.sudoestehoje.com.br\/novoportal\/?p=55140"},"modified":"2016-01-23T20:20:41","modified_gmt":"2016-01-23T23:20:41","slug":"queda-de-torre-de-transmissao-deixa-itapetinga-e-regiao-sem-energia","status":"publish","type":"post","link":"https:\/\/www.sudoestehoje.com.br\/novoportal\/2016\/01\/23\/queda-de-torre-de-transmissao-deixa-itapetinga-e-regiao-sem-energia\/","title":{"rendered":"QUEDA DE TORRE EM PONTO DE AST\u00c9RIO DEIXA ITAPETINGA E REGI\u00c3O SEM ENERGIA"},"content":{"rendered":"<p><a href=\"http:\/\/www.sudoestehoje.com.br\/novoportal\/wp-content\/uploads\/2016\/01\/torre-energia-original.jpeg\"><img loading=\"lazy\" decoding=\"async\" class=\"aligncenter size-medium wp-image-55141\" src=\"http:\/\/www.sudoestehoje.com.br\/novoportal\/wp-content\/uploads\/2016\/01\/torre-energia-original-500x281.jpeg\" alt=\"torre-energia-original\" width=\"500\" height=\"281\" srcset=\"https:\/\/www.sudoestehoje.com.br\/novoportal\/wp-content\/uploads\/2016\/01\/torre-energia-original-500x281.jpeg 500w, https:\/\/www.sudoestehoje.com.br\/novoportal\/wp-content\/uploads\/2016\/01\/torre-energia-original.jpeg 690w\" sizes=\"auto, (max-width: 500px) 100vw, 500px\" \/><\/a><\/p>\n<p>Por volta da meia-noite desta sexta-feira (22), em decorr\u00eancia das fortes chuvas que caem na regi\u00e3o, ocorreu a queda de uma torre de transmiss\u00e3o de energia nas proximidades do Ponto de Ast\u00e9rio, em Firmino Alves, deixando Itapetinga e in\u00fameras cidades do m\u00e9dio sudoeste sem energia el\u00e9trica, o que ainda n\u00e3o foi restabelecido.<\/p>\n<p>Em nota, a\u00a0Coelba informa que t\u00e9cnicos j\u00e1 est\u00e3o trabalhando para normalizar o fornecimento de energia, interrompido \u00e0 00h05 de hoje, em Itapetinga<span class=\"text_exposed_show\">, Itamb\u00e9, Maiquinique, Ribeir\u00e3o do Largo, Itarantim, Potiragu\u00e1, Caatiba, Encruzilhada e Distrito de Boa Vista da Tapera. A previs\u00e3o \u00e9 que o fornecimento seja restabelecido at\u00e9 o in\u00edcio da noite de hoje.<\/span><\/p>\n<div class=\"text_exposed_show\">\n<p>A interrup\u00e7\u00e3o foi causada pela queda de uma estrutura de grande porte da rede de transmiss\u00e3o de energia em fun\u00e7\u00e3o da eros\u00e3o provocada pelas fortes chuvas registradas na regi\u00e3o. O problema ocorreu entre Ponto do Ast\u00e9rio e Itapetinga em uma \u00e1rea de dif\u00edcil acesso.<\/p>\n<p>A Coelba lamentou a falta de energia e se colocou \u00e0 disposi\u00e7\u00e3o para os esclarecimentos necess\u00e1rios.<\/p>\n<p><strong><em>Por Davi Ferraz<\/em><\/strong><\/p>\n<\/div>\n","protected":false},"excerpt":{"rendered":"<p>Por volta da meia-noite desta sexta-feira (22), em decorr\u00eancia das fortes chuvas que caem na regi\u00e3o, ocorreu a queda de uma torre de transmiss\u00e3o de energia nas proximidades do Ponto de Ast\u00e9rio, em Firmino Alves, deixando Itapetinga e in\u00fameras cidades do m\u00e9dio sudoeste sem energia el\u00e9trica, o que ainda n\u00e3o foi restabelecido. Em nota, a\u00a0Coelba [&hellip;]<\/p>\n","protected":false},"author":2,"featured_media":0,"comment_status":"open","ping_status":"open","sticky":false,"template":"","format":"standard","meta":{"footnotes":"","_links_to":"","_links_to_target":""},"categories":[1],"tags":[],"class_list":["post-55140","post","type-post","status-publish","format-standard","hentry","category-geral"],"views":2489,"_links":{"self":[{"href":"https:\/\/www.sudoestehoje.com.br\/novoportal\/wp-json\/wp\/v2\/posts\/55140","targetHints":{"allow":["GET"]}}],"collection":[{"href":"https:\/\/www.sudoestehoje.com.br\/novoportal\/wp-json\/wp\/v2\/posts"}],"about":[{"href":"https:\/\/www.sudoestehoje.com.br\/novoportal\/wp-json\/wp\/v2\/types\/post"}],"author":[{"embeddable":true,"href":"https:\/\/www.sudoestehoje.com.br\/novoportal\/wp-json\/wp\/v2\/users\/2"}],"replies":[{"embeddable":true,"href":"https:\/\/www.sudoestehoje.com.br\/novoportal\/wp-json\/wp\/v2\/comments?post=55140"}],"version-history":[{"count":4,"href":"https:\/\/www.sudoestehoje.com.br\/novoportal\/wp-json\/wp\/v2\/posts\/55140\/revisions"}],"predecessor-version":[{"id":55147,"href":"https:\/\/www.sudoestehoje.com.br\/novoportal\/wp-json\/wp\/v2\/posts\/55140\/revisions\/55147"}],"wp:attachment":[{"href":"https:\/\/www.sudoestehoje.com.br\/novoportal\/wp-json\/wp\/v2\/media?parent=55140"}],"wp:term":[{"taxonomy":"category","embeddable":true,"href":"https:\/\/www.sudoestehoje.com.br\/novoportal\/wp-json\/wp\/v2\/categories?post=55140"},{"taxonomy":"post_tag","embeddable":true,"href":"https:\/\/www.sudoestehoje.com.br\/novoportal\/wp-json\/wp\/v2\/tags?post=55140"}],"curies":[{"name":"wp","href":"https:\/\/api.w.org\/{rel}","templated":true}]}}