
{"id":55125,"date":"2016-01-22T11:52:32","date_gmt":"2016-01-22T14:52:32","guid":{"rendered":"http:\/\/www.sudoestehoje.com.br\/novoportal\/?p=55125"},"modified":"2016-01-22T11:52:32","modified_gmt":"2016-01-22T14:52:32","slug":"deputado-jose-carlos-araujo-e-100-itarantim-afirma-dr-paulo","status":"publish","type":"post","link":"https:\/\/www.sudoestehoje.com.br\/novoportal\/2016\/01\/22\/deputado-jose-carlos-araujo-e-100-itarantim-afirma-dr-paulo\/","title":{"rendered":"DEPUTADO JOS\u00c9 CARLOS ARA\u00daJO \u00c9 100% ITARANTIM, AFIRMA DR. PAULO"},"content":{"rendered":"<p><a href=\"http:\/\/www.sudoestehoje.com.br\/novoportal\/wp-content\/uploads\/2016\/01\/DEP.jpg\"><img loading=\"lazy\" decoding=\"async\" class=\"aligncenter size-medium wp-image-55126\" src=\"http:\/\/www.sudoestehoje.com.br\/novoportal\/wp-content\/uploads\/2016\/01\/DEP-500x497.jpg\" alt=\"DEP\" width=\"500\" height=\"497\" srcset=\"https:\/\/www.sudoestehoje.com.br\/novoportal\/wp-content\/uploads\/2016\/01\/DEP-500x497.jpg 500w, https:\/\/www.sudoestehoje.com.br\/novoportal\/wp-content\/uploads\/2016\/01\/DEP-150x150.jpg 150w, https:\/\/www.sudoestehoje.com.br\/novoportal\/wp-content\/uploads\/2016\/01\/DEP.jpg 640w\" sizes=\"auto, (max-width: 500px) 100vw, 500px\" \/><\/a><\/p>\n<p><strong><em>Por Roberto Ata\u00edde (Itarantim Agora)<\/em><\/strong><\/p>\n<p>N\u00e3o \u00e9 de hoje, que Deputados t\u00eam influencia positiva ou negativa aqui em Itarantim, conforme os anos v\u00e3o se passando, a POPULA\u00c7\u00c3O vai tomando consci\u00eancia cada vez mais, sobre quem s\u00e3o os Deputados que v\u00eam aqui e levam votos dos itarantienses, como n\u00e3o se lembrar dos exemplos positivos, o saudoso Naomar Alc\u00e2ntara, como n\u00e3o se lembrar de Vasco Neto, Euj\u00e1cio Sim\u00f5es, e agora recentemente, o Deputado Campe\u00e3o de Emendas, JOS\u00c9 CARLOS ARA\u00daJO ( PSD) um Deputado envolvido com nosso Munic\u00edpio, um Deputado que \u00e9 nada mais nada menos que, o presidente do conselho de \u00e9tica da C\u00e2mara dos Deputados, um Deputado 100% Itarantim!<\/p>\n<p>Em certo dia, ao falar para os itarantienses, ele, JOS\u00c9 CARLOS ARA\u00daJO tomou um susto ao ver a quantidade de emendas colocadas para Itarantim, mas como ele mesmo bem dissera na oportunidade,\u00a0a postura do Prefeito Municipal Dr. Paulo Fernandes, o fez olhar mais por Itarantim,\u00a0\u00a0a\u00a0popula\u00e7\u00e3o\u00a0merece, deputado tem que vir aqui e\u00a0mostrar a que veio, tem que merecer o voto do povo, tem que ter coragem de olhar no rosto do povo e saberque fez alguma por ele e esse povo, com toda certeza ir\u00e1 \u00a0dizer: TU SER\u00c1S SEMPRE BEM VINDO EM NOSSA CIDADE!<\/p>\n<p>BIOGRAFIA<!--more--><\/p>\n<p><a href=\"http:\/\/www.sudoestehoje.com.br\/novoportal\/wp-content\/uploads\/2016\/01\/dep-1.jpg\"><img loading=\"lazy\" decoding=\"async\" class=\"aligncenter size-medium wp-image-55127\" src=\"http:\/\/www.sudoestehoje.com.br\/novoportal\/wp-content\/uploads\/2016\/01\/dep-1-500x281.jpg\" alt=\"dep 1\" width=\"500\" height=\"281\" srcset=\"https:\/\/www.sudoestehoje.com.br\/novoportal\/wp-content\/uploads\/2016\/01\/dep-1-500x281.jpg 500w, https:\/\/www.sudoestehoje.com.br\/novoportal\/wp-content\/uploads\/2016\/01\/dep-1.jpg 640w\" sizes=\"auto, (max-width: 500px) 100vw, 500px\" \/><\/a><\/p>\n<div>Soteropolitano, Jos\u00e9 Carlos Ara\u00fajo tem uma longa trajet\u00f3ria pol\u00edtica.\u00a0Atualmente cumpre o seu quarto mandato como Deputado Federal pelo Estado da Bahia onde foi deputado estadual por tr\u00eas legislaturas (1991-2002). Despontou na pol\u00edtica baiana em 1990 ao se eleger deputado estadual e por duas vezes, exerceu a fun\u00e7\u00e3o de Primeiro Secret\u00e1rio da Mesa e foi escolhido pelo Comit\u00ea de Imprensa da Assembleia Legislativa, em 1995, como o Melhor Deputado. Em 2003 foi eleito Deputado Federal.<\/div>\n<div><\/div>\n<div>Antes de ingressar na pol\u00edtica, Jos\u00e9 Carlos Ara\u00fajo atuou com destaque na \u00e1rea de telecomunica\u00e7\u00f5es atuando como Diretor da extinta Telebahia.<\/div>\n<div><\/div>\n<div>Jos\u00e9 Carlos Ara\u00fajo foi ainda Coordenador da Presid\u00eancia da Desenvale; Assessor e Diretor de Rela\u00e7\u00f5es Industriais do CIA, em Salvador, e membro dos Conselhos de Administra\u00e7\u00e3o da Telemig S\/A e da Bolsa de Valores Bahia\/Sergipe.<\/div>\n<div><\/div>\n<div>Atualmente o parlamentar preside o Conselho de \u00c9tica e Decoro Parlamentar na C\u00e2mara dos Deputados; Al\u00e9m disso ocupa a 1\u00aa vice-Presid\u00eancia na Comiss\u00e3o Especial que far\u00e1 altera\u00e7\u00f5es na Lei Geral de Telecomunica\u00e7\u00f5es (Lei 6.789, de 2013); \u00c9 tamb\u00e9m membro nas Comiss\u00f5es de Defesa do Consumidor e Minas e Energia e suplente na Comiss\u00e3o Parlamentar de Inqu\u00e9rito que investiga os desvios de recursos da Petrobr\u00e1s.<\/div>\n<div><\/div>\n","protected":false},"excerpt":{"rendered":"<p>Por Roberto Ata\u00edde (Itarantim Agora) N\u00e3o \u00e9 de hoje, que Deputados t\u00eam influencia positiva ou negativa aqui em Itarantim, conforme os anos v\u00e3o se passando, a POPULA\u00c7\u00c3O vai tomando consci\u00eancia cada vez mais, sobre quem s\u00e3o os Deputados que v\u00eam aqui e levam votos dos itarantienses, como n\u00e3o se lembrar dos exemplos positivos, o saudoso [&hellip;]<\/p>\n","protected":false},"author":2,"featured_media":0,"comment_status":"open","ping_status":"open","sticky":false,"template":"","format":"standard","meta":{"footnotes":"","_links_to":"","_links_to_target":""},"categories":[1],"tags":[],"class_list":["post-55125","post","type-post","status-publish","format-standard","hentry","category-geral"],"views":1855,"_links":{"self":[{"href":"https:\/\/www.sudoestehoje.com.br\/novoportal\/wp-json\/wp\/v2\/posts\/55125","targetHints":{"allow":["GET"]}}],"collection":[{"href":"https:\/\/www.sudoestehoje.com.br\/novoportal\/wp-json\/wp\/v2\/posts"}],"about":[{"href":"https:\/\/www.sudoestehoje.com.br\/novoportal\/wp-json\/wp\/v2\/types\/post"}],"author":[{"embeddable":true,"href":"https:\/\/www.sudoestehoje.com.br\/novoportal\/wp-json\/wp\/v2\/users\/2"}],"replies":[{"embeddable":true,"href":"https:\/\/www.sudoestehoje.com.br\/novoportal\/wp-json\/wp\/v2\/comments?post=55125"}],"version-history":[{"count":1,"href":"https:\/\/www.sudoestehoje.com.br\/novoportal\/wp-json\/wp\/v2\/posts\/55125\/revisions"}],"predecessor-version":[{"id":55128,"href":"https:\/\/www.sudoestehoje.com.br\/novoportal\/wp-json\/wp\/v2\/posts\/55125\/revisions\/55128"}],"wp:attachment":[{"href":"https:\/\/www.sudoestehoje.com.br\/novoportal\/wp-json\/wp\/v2\/media?parent=55125"}],"wp:term":[{"taxonomy":"category","embeddable":true,"href":"https:\/\/www.sudoestehoje.com.br\/novoportal\/wp-json\/wp\/v2\/categories?post=55125"},{"taxonomy":"post_tag","embeddable":true,"href":"https:\/\/www.sudoestehoje.com.br\/novoportal\/wp-json\/wp\/v2\/tags?post=55125"}],"curies":[{"name":"wp","href":"https:\/\/api.w.org\/{rel}","templated":true}]}}