
{"id":55110,"date":"2016-01-21T19:25:58","date_gmt":"2016-01-21T22:25:58","guid":{"rendered":"http:\/\/www.sudoestehoje.com.br\/novoportal\/?p=55110"},"modified":"2016-01-21T22:19:27","modified_gmt":"2016-01-22T01:19:27","slug":"juazeiro-nivel-do-rio-sao-francisco-deve-dobrar-nos-proximos-35-dias","status":"publish","type":"post","link":"https:\/\/www.sudoestehoje.com.br\/novoportal\/2016\/01\/21\/juazeiro-nivel-do-rio-sao-francisco-deve-dobrar-nos-proximos-35-dias\/","title":{"rendered":"JUAZEIRO: N\u00cdVEL DO RIO S\u00c3O FRANCISCO DEVE DOBRAR NOS PR\u00d3XIMOS 35 DIAS"},"content":{"rendered":"<p><a href=\"http:\/\/www.sudoestehoje.com.br\/novoportal\/wp-content\/uploads\/2016\/01\/ORio.jpg\"><img loading=\"lazy\" decoding=\"async\" class=\"aligncenter size-medium wp-image-55111\" src=\"http:\/\/www.sudoestehoje.com.br\/novoportal\/wp-content\/uploads\/2016\/01\/ORio-500x356.jpg\" alt=\"ORio\" width=\"500\" height=\"356\" srcset=\"https:\/\/www.sudoestehoje.com.br\/novoportal\/wp-content\/uploads\/2016\/01\/ORio-500x356.jpg 500w, https:\/\/www.sudoestehoje.com.br\/novoportal\/wp-content\/uploads\/2016\/01\/ORio.jpg 580w\" sizes=\"auto, (max-width: 500px) 100vw, 500px\" \/><\/a><\/p>\n<p>Com elevados volumes de chuva de at\u00e9 200 mil\u00edmetros registrados nos \u00faltimos dias na metade centro-sul de Minas Gerais, incluindo a regi\u00e3o da Serra da Canastra, o n\u00edvel do rio S\u00e3o Francisco voltou a subir em v\u00e1rios munic\u00edpios mineiros nas \u00faltimas 72 horas.<\/p>\n<p>Segundo informa\u00e7\u00f5es do professor e meteorologista da UNIVASF M\u00e1rio Miranda, a vaz\u00e3o do Rio S\u00e3o Francisco vai mais do que dobrar nos pr\u00f3ximos 35 dias. A grande not\u00edcia \u00e9 que a vaz\u00e3o do rio em Minas Gerais \u00e9 de mais de 3500 m3\/segundo, enquanto na Bahia est\u00e1 passando 1500 m3\/segundo. Isso \u00e9 resultado das fortes chuvas que est\u00e3o ocorrendo na bacia do Rio S\u00e3o Francisco. Portanto, o volume de \u00e1gua que vai entrar na regi\u00e3o de Sobradinho vai dobrar em rela\u00e7\u00e3o \u00e0 que passa hoje, que \u00e9 de 1440 m3\/segundo.<\/p>\n<p>Na tarde desta quarta-feira dia (20), choveu em Juazeiro e algumas cidades pr\u00f3ximas como Petrolina, Casa Nova, Uau\u00e1, Canudos, Cura\u00e7\u00e1 e Sento S\u00e9. A previs\u00e3o, segundo o Instituto Clima Tempo, \u00e9 que a chuva vai continuar na regi\u00e3o.<\/p>\n<p><img decoding=\"async\" class=\"aligncenter\" src=\"http:\/\/www.sudoestehoje.com.br\/novoportal\/wp-content\/uploads\/2014\/06\/COOLEITE-PRODUTOS-500x249.jpg\" alt=\"COOLEITE PRODUTOS\" \/><\/p>\n","protected":false},"excerpt":{"rendered":"<p>Com elevados volumes de chuva de at\u00e9 200 mil\u00edmetros registrados nos \u00faltimos dias na metade centro-sul de Minas Gerais, incluindo a regi\u00e3o da Serra da Canastra, o n\u00edvel do rio S\u00e3o Francisco voltou a subir em v\u00e1rios munic\u00edpios mineiros nas \u00faltimas 72 horas. Segundo informa\u00e7\u00f5es do professor e meteorologista da UNIVASF M\u00e1rio Miranda, a vaz\u00e3o [&hellip;]<\/p>\n","protected":false},"author":2,"featured_media":0,"comment_status":"open","ping_status":"open","sticky":false,"template":"","format":"standard","meta":{"footnotes":"","_links_to":"","_links_to_target":""},"categories":[1],"tags":[],"class_list":["post-55110","post","type-post","status-publish","format-standard","hentry","category-geral"],"views":2901,"_links":{"self":[{"href":"https:\/\/www.sudoestehoje.com.br\/novoportal\/wp-json\/wp\/v2\/posts\/55110","targetHints":{"allow":["GET"]}}],"collection":[{"href":"https:\/\/www.sudoestehoje.com.br\/novoportal\/wp-json\/wp\/v2\/posts"}],"about":[{"href":"https:\/\/www.sudoestehoje.com.br\/novoportal\/wp-json\/wp\/v2\/types\/post"}],"author":[{"embeddable":true,"href":"https:\/\/www.sudoestehoje.com.br\/novoportal\/wp-json\/wp\/v2\/users\/2"}],"replies":[{"embeddable":true,"href":"https:\/\/www.sudoestehoje.com.br\/novoportal\/wp-json\/wp\/v2\/comments?post=55110"}],"version-history":[{"count":4,"href":"https:\/\/www.sudoestehoje.com.br\/novoportal\/wp-json\/wp\/v2\/posts\/55110\/revisions"}],"predecessor-version":[{"id":55124,"href":"https:\/\/www.sudoestehoje.com.br\/novoportal\/wp-json\/wp\/v2\/posts\/55110\/revisions\/55124"}],"wp:attachment":[{"href":"https:\/\/www.sudoestehoje.com.br\/novoportal\/wp-json\/wp\/v2\/media?parent=55110"}],"wp:term":[{"taxonomy":"category","embeddable":true,"href":"https:\/\/www.sudoestehoje.com.br\/novoportal\/wp-json\/wp\/v2\/categories?post=55110"},{"taxonomy":"post_tag","embeddable":true,"href":"https:\/\/www.sudoestehoje.com.br\/novoportal\/wp-json\/wp\/v2\/tags?post=55110"}],"curies":[{"name":"wp","href":"https:\/\/api.w.org\/{rel}","templated":true}]}}