
{"id":55106,"date":"2016-01-21T11:32:55","date_gmt":"2016-01-21T14:32:55","guid":{"rendered":"http:\/\/www.sudoestehoje.com.br\/novoportal\/?p=55106"},"modified":"2016-01-21T11:32:55","modified_gmt":"2016-01-21T14:32:55","slug":"vacas-comem-lixo-nas-ruas-de-itapetinga","status":"publish","type":"post","link":"https:\/\/www.sudoestehoje.com.br\/novoportal\/2016\/01\/21\/vacas-comem-lixo-nas-ruas-de-itapetinga\/","title":{"rendered":"VACAS COMEM LIXO NAS RUAS DE ITAPETINGA"},"content":{"rendered":"<p><a href=\"http:\/\/www.sudoestehoje.com.br\/novoportal\/wp-content\/uploads\/2016\/01\/vacas-no-lixo.jpg\"><img loading=\"lazy\" decoding=\"async\" class=\"aligncenter size-medium wp-image-55107\" src=\"http:\/\/www.sudoestehoje.com.br\/novoportal\/wp-content\/uploads\/2016\/01\/vacas-no-lixo-500x281.jpg\" alt=\"vacas no lixo\" width=\"500\" height=\"281\" srcset=\"https:\/\/www.sudoestehoje.com.br\/novoportal\/wp-content\/uploads\/2016\/01\/vacas-no-lixo-500x281.jpg 500w, https:\/\/www.sudoestehoje.com.br\/novoportal\/wp-content\/uploads\/2016\/01\/vacas-no-lixo.jpg 552w\" sizes=\"auto, (max-width: 500px) 100vw, 500px\" \/><\/a><\/p>\n<p>Com o castigo da seca que dizimou as pastagens na &#8216;Capital da Pecu\u00e1ria&#8217;, o gado de fazendas pr\u00f3ximas \u00e0 zona urbana de Itapetinga est\u00e1 procurando alimentos nas ruas da cidade.<a href=\"http:\/\/www.sudoestehoje.com.br\/novoportal\/wp-content\/uploads\/2016\/01\/vacas-no-lixo.jpg\"><br \/>\n<\/a><\/p>\n<p>Primeiro as vacas pastaram nas pra\u00e7as, jardins e canteiros da cidade, mas com a fim dos gramados, a op\u00e7\u00e3o que restou aos bichos foi comer lixo, durante a noite, em algumas ruas do bairro Morumbi, o mais chique de Itapetinga.<\/p>\n<p>Na noite desta quarta-feira (20), um rebanho de vacas leiteiras foi fotografado por um leitor do blog, comendo lixo na Av. das Palmeiras, ao lado do clube AABB e bem em frente \u00e0 resid\u00eancia do ex-prefeito Jos\u00e9 Ot\u00e1vio.<\/p>\n<p>Enquanto as imagens e den\u00fancias circulam nas redes sociais, a prefeitura faz vista grossa, como se a solu\u00e7\u00e3o do problema n\u00e3o fosse com ela.<\/p>\n<p><strong><em>Por Davi Ferraz\u00a0<\/em><\/strong><\/p>\n","protected":false},"excerpt":{"rendered":"<p>Com o castigo da seca que dizimou as pastagens na &#8216;Capital da Pecu\u00e1ria&#8217;, o gado de fazendas pr\u00f3ximas \u00e0 zona urbana de Itapetinga est\u00e1 procurando alimentos nas ruas da cidade. Primeiro as vacas pastaram nas pra\u00e7as, jardins e canteiros da cidade, mas com a fim dos gramados, a op\u00e7\u00e3o que restou aos bichos foi comer [&hellip;]<\/p>\n","protected":false},"author":2,"featured_media":0,"comment_status":"open","ping_status":"open","sticky":false,"template":"","format":"standard","meta":{"footnotes":"","_links_to":"","_links_to_target":""},"categories":[1],"tags":[],"class_list":["post-55106","post","type-post","status-publish","format-standard","hentry","category-geral"],"views":1591,"_links":{"self":[{"href":"https:\/\/www.sudoestehoje.com.br\/novoportal\/wp-json\/wp\/v2\/posts\/55106","targetHints":{"allow":["GET"]}}],"collection":[{"href":"https:\/\/www.sudoestehoje.com.br\/novoportal\/wp-json\/wp\/v2\/posts"}],"about":[{"href":"https:\/\/www.sudoestehoje.com.br\/novoportal\/wp-json\/wp\/v2\/types\/post"}],"author":[{"embeddable":true,"href":"https:\/\/www.sudoestehoje.com.br\/novoportal\/wp-json\/wp\/v2\/users\/2"}],"replies":[{"embeddable":true,"href":"https:\/\/www.sudoestehoje.com.br\/novoportal\/wp-json\/wp\/v2\/comments?post=55106"}],"version-history":[{"count":1,"href":"https:\/\/www.sudoestehoje.com.br\/novoportal\/wp-json\/wp\/v2\/posts\/55106\/revisions"}],"predecessor-version":[{"id":55109,"href":"https:\/\/www.sudoestehoje.com.br\/novoportal\/wp-json\/wp\/v2\/posts\/55106\/revisions\/55109"}],"wp:attachment":[{"href":"https:\/\/www.sudoestehoje.com.br\/novoportal\/wp-json\/wp\/v2\/media?parent=55106"}],"wp:term":[{"taxonomy":"category","embeddable":true,"href":"https:\/\/www.sudoestehoje.com.br\/novoportal\/wp-json\/wp\/v2\/categories?post=55106"},{"taxonomy":"post_tag","embeddable":true,"href":"https:\/\/www.sudoestehoje.com.br\/novoportal\/wp-json\/wp\/v2\/tags?post=55106"}],"curies":[{"name":"wp","href":"https:\/\/api.w.org\/{rel}","templated":true}]}}