
{"id":55088,"date":"2016-01-20T19:15:47","date_gmt":"2016-01-20T22:15:47","guid":{"rendered":"http:\/\/www.sudoestehoje.com.br\/novoportal\/?p=55088"},"modified":"2016-01-20T20:00:37","modified_gmt":"2016-01-20T23:00:37","slug":"itarantim-prefeito-paulo-fernandes-pretende-processar-deputado-lucio-vieira-lima","status":"publish","type":"post","link":"https:\/\/www.sudoestehoje.com.br\/novoportal\/2016\/01\/20\/itarantim-prefeito-paulo-fernandes-pretende-processar-deputado-lucio-vieira-lima\/","title":{"rendered":"ITARANTIM: PREFEITO PAULO FERNANDES PRETENDE PROCESSAR DEPUTADO L\u00daCIO VIEIRA LIMA"},"content":{"rendered":"<p><a href=\"http:\/\/www.sudoestehoje.com.br\/novoportal\/wp-content\/uploads\/2016\/01\/paulo.jpg\"><img loading=\"lazy\" decoding=\"async\" class=\"aligncenter size-medium wp-image-55089\" src=\"http:\/\/www.sudoestehoje.com.br\/novoportal\/wp-content\/uploads\/2016\/01\/paulo-500x333.jpg\" alt=\"paulo\" width=\"500\" height=\"333\" srcset=\"https:\/\/www.sudoestehoje.com.br\/novoportal\/wp-content\/uploads\/2016\/01\/paulo-500x333.jpg 500w, https:\/\/www.sudoestehoje.com.br\/novoportal\/wp-content\/uploads\/2016\/01\/paulo-700x466.jpg 700w, https:\/\/www.sudoestehoje.com.br\/novoportal\/wp-content\/uploads\/2016\/01\/paulo.jpg 1280w\" sizes=\"auto, (max-width: 500px) 100vw, 500px\" \/><\/a><\/p>\n<p>O prefeito de Itarantim, Paulo Fernandes (PSB), dever\u00e1 processar o deputado federal L\u00facio Vieira Lima (PMDB). No \u00faltimo s\u00e1bado o deputado esteve no munic\u00edpio para participar do anivers\u00e1rio do pr\u00e9-candidato a prefeito da oposi\u00e7\u00e3o, Paulo da Constru\u00e7\u00e3o (DEM).\u00a0Mas, em virtude da forte chuva, faltou energia na cidade, e a organiza\u00e7\u00e3o n\u00e3o teve o cuidado de contratar um gerador por precau\u00e7\u00e3o. J\u00e1 que a festa teria uma banda que foi contratada para se apresentar.<\/p>\n<p>O deputado L\u00facio Vieira Lima fez um v\u00eddeo e divulgou na rede social acusando o prefeito Paulo Fernandes, de boicotar o evento com a queda de energia na cidade.\u00a0O problema \u00e9 que a Coelba emitiu uma nota esclarecendo que a falta de energia foi em Itarantim e Potiragu\u00e1, e o motivo foi as fortes chuvas.<\/p>\n<p><a href=\"http:\/\/www.sudoestehoje.com.br\/novoportal\/wp-content\/uploads\/2016\/01\/coelba.jpg\"><img loading=\"lazy\" decoding=\"async\" class=\"aligncenter size-full wp-image-55090\" src=\"http:\/\/www.sudoestehoje.com.br\/novoportal\/wp-content\/uploads\/2016\/01\/coelba.jpg\" alt=\"coelba\" width=\"480\" height=\"640\" \/><\/a><\/p>\n<p>Com isso o alcaide est\u00e1 contratando um advogado para acionar o deputado, j\u00e1 que o v\u00eddeo foi bastante explorado pela oposi\u00e7\u00e3o para obter proveito pol\u00edtico eleitoral.\u00a0\u201c sempre pautei sua administra\u00e7\u00e3o de forma democr\u00e1tica, nunca precisei me posicionar contra evento ou qualquer atividade de ningu\u00e9m, uma prova clara e evidente, que liberei a pra\u00e7a para um advers\u00e1rio pol\u00edtico realizar sua festa\u201d, declarou o prefeito.<\/p>\n","protected":false},"excerpt":{"rendered":"<p>O prefeito de Itarantim, Paulo Fernandes (PSB), dever\u00e1 processar o deputado federal L\u00facio Vieira Lima (PMDB). No \u00faltimo s\u00e1bado o deputado esteve no munic\u00edpio para participar do anivers\u00e1rio do pr\u00e9-candidato a prefeito da oposi\u00e7\u00e3o, Paulo da Constru\u00e7\u00e3o (DEM).\u00a0Mas, em virtude da forte chuva, faltou energia na cidade, e a organiza\u00e7\u00e3o n\u00e3o teve o cuidado de [&hellip;]<\/p>\n","protected":false},"author":2,"featured_media":0,"comment_status":"open","ping_status":"open","sticky":false,"template":"","format":"standard","meta":{"footnotes":"","_links_to":"","_links_to_target":""},"categories":[1],"tags":[],"class_list":["post-55088","post","type-post","status-publish","format-standard","hentry","category-geral"],"views":2303,"_links":{"self":[{"href":"https:\/\/www.sudoestehoje.com.br\/novoportal\/wp-json\/wp\/v2\/posts\/55088","targetHints":{"allow":["GET"]}}],"collection":[{"href":"https:\/\/www.sudoestehoje.com.br\/novoportal\/wp-json\/wp\/v2\/posts"}],"about":[{"href":"https:\/\/www.sudoestehoje.com.br\/novoportal\/wp-json\/wp\/v2\/types\/post"}],"author":[{"embeddable":true,"href":"https:\/\/www.sudoestehoje.com.br\/novoportal\/wp-json\/wp\/v2\/users\/2"}],"replies":[{"embeddable":true,"href":"https:\/\/www.sudoestehoje.com.br\/novoportal\/wp-json\/wp\/v2\/comments?post=55088"}],"version-history":[{"count":2,"href":"https:\/\/www.sudoestehoje.com.br\/novoportal\/wp-json\/wp\/v2\/posts\/55088\/revisions"}],"predecessor-version":[{"id":55092,"href":"https:\/\/www.sudoestehoje.com.br\/novoportal\/wp-json\/wp\/v2\/posts\/55088\/revisions\/55092"}],"wp:attachment":[{"href":"https:\/\/www.sudoestehoje.com.br\/novoportal\/wp-json\/wp\/v2\/media?parent=55088"}],"wp:term":[{"taxonomy":"category","embeddable":true,"href":"https:\/\/www.sudoestehoje.com.br\/novoportal\/wp-json\/wp\/v2\/categories?post=55088"},{"taxonomy":"post_tag","embeddable":true,"href":"https:\/\/www.sudoestehoje.com.br\/novoportal\/wp-json\/wp\/v2\/tags?post=55088"}],"curies":[{"name":"wp","href":"https:\/\/api.w.org\/{rel}","templated":true}]}}