
{"id":55053,"date":"2016-01-20T00:16:54","date_gmt":"2016-01-20T03:16:54","guid":{"rendered":"http:\/\/www.sudoestehoje.com.br\/novoportal\/?p=55053"},"modified":"2016-01-20T00:20:58","modified_gmt":"2016-01-20T03:20:58","slug":"itapetinga-pt-estabelece-criterios-para-escolha-de-candidato-a-prefeito","status":"publish","type":"post","link":"https:\/\/www.sudoestehoje.com.br\/novoportal\/2016\/01\/20\/itapetinga-pt-estabelece-criterios-para-escolha-de-candidato-a-prefeito\/","title":{"rendered":"ITAPETINGA: PT ESTABELECE CRIT\u00c9RIOS PARA ESCOLHA DE CANDIDATO A PREFEITO"},"content":{"rendered":"<div id=\"attachment_55054\" style=\"width: 510px\" class=\"wp-caption aligncenter\"><a href=\"http:\/\/www.sudoestehoje.com.br\/novoportal\/wp-content\/uploads\/2016\/01\/roseberg.jpg\"><img loading=\"lazy\" decoding=\"async\" aria-describedby=\"caption-attachment-55054\" class=\"size-medium wp-image-55054\" src=\"http:\/\/www.sudoestehoje.com.br\/novoportal\/wp-content\/uploads\/2016\/01\/roseberg-500x375.jpg\" alt=\"AL\u00c9CIO SAIU DO PT, MAS \u00c9 O NOME MAIS FORTE DA BASE GOVERNISTA EM ITAPETINGA\" width=\"500\" height=\"375\" srcset=\"https:\/\/www.sudoestehoje.com.br\/novoportal\/wp-content\/uploads\/2016\/01\/roseberg-500x375.jpg 500w, https:\/\/www.sudoestehoje.com.br\/novoportal\/wp-content\/uploads\/2016\/01\/roseberg.jpg 640w\" sizes=\"auto, (max-width: 500px) 100vw, 500px\" \/><\/a><p id=\"caption-attachment-55054\" class=\"wp-caption-text\">AL\u00c9CIO SAIU DO PT, MAS \u00c9 O NOME MAIS FORTE DA BASE GOVERNISTA EM ITAPETINGA<\/p><\/div>\n<p>O lan\u00e7amento intempestivo de de algumas pr\u00e9-candidaturas a prefeito de Itapetinga, pelo grupo do prefeito Z\u00e9 Carlos e do deputado estadual Rosemberg Pinto, levou o partido a esclarecer que a escolha do candidato dever\u00e1 obedecer a certos crit\u00e9rios, alguns deles estabelecidos pela c\u00fapula estadual do partido.<\/p>\n<p>Segundo fonte petista, existe uma preocupa\u00e7\u00e3o do governador Rio Costa com a poss\u00edvel candidatura a governador do prefeito de Salvador, ACM Neto, cujo nome \u00e9 imbat\u00edvel em Salvador e dever\u00e1 crescer em todo o estado, at\u00e9 as elei\u00e7\u00f5es de 2018.<\/p>\n<p>Por esta raz\u00e3o, o PT estabeleceu que a escolha dos candidatos a prefeito nas 35 maiores cidades do estado, das quais Itapetinga est\u00e1 inclu\u00edda, ser\u00e1 monitorada pelo Diret\u00f3rio Estadual e pelo pr\u00f3prio governador, que n\u00e3o far\u00e1 distin\u00e7\u00e3o entre os pr\u00e9-candidatos, desde que fa\u00e7am parte da chamada &#8216;base aliada&#8217; e apresentem boas condi\u00e7\u00f5es de vencer as elei\u00e7\u00f5es. Esses 35 munic\u00edpio representam mais da metade do eleitorado baiano e podem ser decisivos em 2018.<\/p>\n<p>Assim, qualquer um dos pr\u00e9-candidatos dos partidos ligados ao governo, em Itapetinga, pode ser o escolhido, desde que tenha a chancela da c\u00fapula petista. Sibele Neri, Emmanoel Souza, N\u00eddia Oliveira, Tiquinho, Leonardo Matos e at\u00e9 a insistente K\u00e1tia Espinheira, podem entrar na disputa, que tamb\u00e9m inclui o vice-prefeito Al\u00e9cio Chaves, filiado ao principal partido aliado a Rui Costa, o PSD.<\/p>\n<p>A situa\u00e7\u00e3o de Al\u00e9cio Chaves, apesar do racha com Z\u00e9 Carlos e seu secretariado, \u00e9 a mais favor\u00e1vel, vez que aparece muito bem em todas as pesquisas, enquanto os demais sequer pontuaram ou ficaram abaixo de 1% na prefer\u00eancia popular.<\/p>\n<p>Apesar do rompimento com Z\u00e9 Carlos, o que deixou Rosemberg na maior saia justa, Al\u00e9cio Chaves conta com a prefer\u00eancia dos antigos petistas de Itapetinga, e pode ser a salva\u00e7\u00e3o do grupo, pela total aus\u00eancia de um nome de peso para concorrer com as oposi\u00e7\u00f5es.<\/p>\n<p>H\u00e1 quem afirme, dentro do PT, que uma costura pol\u00edtica visando o retorno de Al\u00e9cio vem sendo considerada pelos caciques do partido, mesmo contra a vontade de Z\u00e9 Carlos, que j\u00e1 n\u00e3o apita mais em nada.<\/p>\n<p>A partir de mar\u00e7o, essas articula\u00e7\u00f5es come\u00e7am a tomar forma.<\/p>\n<p><strong><em>Por Davi Ferraz<\/em><\/strong><\/p>\n<p><img decoding=\"async\" class=\"aligncenter\" src=\"http:\/\/www.sudoestehoje.com.br\/novoportal\/wp-content\/uploads\/2015\/12\/SKALA-NATAL-11-500x186.jpg\" alt=\"SKALA NATAL 1\" \/><\/p>\n<p>&nbsp;<\/p>\n","protected":false},"excerpt":{"rendered":"<p>O lan\u00e7amento intempestivo de de algumas pr\u00e9-candidaturas a prefeito de Itapetinga, pelo grupo do prefeito Z\u00e9 Carlos e do deputado estadual Rosemberg Pinto, levou o partido a esclarecer que a escolha do candidato dever\u00e1 obedecer a certos crit\u00e9rios, alguns deles estabelecidos pela c\u00fapula estadual do partido. Segundo fonte petista, existe uma preocupa\u00e7\u00e3o do governador Rio [&hellip;]<\/p>\n","protected":false},"author":2,"featured_media":0,"comment_status":"open","ping_status":"open","sticky":false,"template":"","format":"standard","meta":{"footnotes":"","_links_to":"","_links_to_target":""},"categories":[1],"tags":[],"class_list":["post-55053","post","type-post","status-publish","format-standard","hentry","category-geral"],"views":1625,"_links":{"self":[{"href":"https:\/\/www.sudoestehoje.com.br\/novoportal\/wp-json\/wp\/v2\/posts\/55053","targetHints":{"allow":["GET"]}}],"collection":[{"href":"https:\/\/www.sudoestehoje.com.br\/novoportal\/wp-json\/wp\/v2\/posts"}],"about":[{"href":"https:\/\/www.sudoestehoje.com.br\/novoportal\/wp-json\/wp\/v2\/types\/post"}],"author":[{"embeddable":true,"href":"https:\/\/www.sudoestehoje.com.br\/novoportal\/wp-json\/wp\/v2\/users\/2"}],"replies":[{"embeddable":true,"href":"https:\/\/www.sudoestehoje.com.br\/novoportal\/wp-json\/wp\/v2\/comments?post=55053"}],"version-history":[{"count":5,"href":"https:\/\/www.sudoestehoje.com.br\/novoportal\/wp-json\/wp\/v2\/posts\/55053\/revisions"}],"predecessor-version":[{"id":55059,"href":"https:\/\/www.sudoestehoje.com.br\/novoportal\/wp-json\/wp\/v2\/posts\/55053\/revisions\/55059"}],"wp:attachment":[{"href":"https:\/\/www.sudoestehoje.com.br\/novoportal\/wp-json\/wp\/v2\/media?parent=55053"}],"wp:term":[{"taxonomy":"category","embeddable":true,"href":"https:\/\/www.sudoestehoje.com.br\/novoportal\/wp-json\/wp\/v2\/categories?post=55053"},{"taxonomy":"post_tag","embeddable":true,"href":"https:\/\/www.sudoestehoje.com.br\/novoportal\/wp-json\/wp\/v2\/tags?post=55053"}],"curies":[{"name":"wp","href":"https:\/\/api.w.org\/{rel}","templated":true}]}}