
{"id":55048,"date":"2016-01-19T13:51:12","date_gmt":"2016-01-19T16:51:12","guid":{"rendered":"http:\/\/www.sudoestehoje.com.br\/novoportal\/?p=55048"},"modified":"2016-01-19T13:52:29","modified_gmt":"2016-01-19T16:52:29","slug":"governo-rui-nao-faz-concurso-para-a-educacao-e-convoca-aprovados-no-reda","status":"publish","type":"post","link":"https:\/\/www.sudoestehoje.com.br\/novoportal\/2016\/01\/19\/governo-rui-nao-faz-concurso-para-a-educacao-e-convoca-aprovados-no-reda\/","title":{"rendered":"GOVERNO RUI N\u00c3O FAZ CONCURSO PARA A EDUCA\u00c7\u00c3O E CONVOCA APROVADOS NO REDA"},"content":{"rendered":"<p><a href=\"http:\/\/www.sudoestehoje.com.br\/novoportal\/wp-content\/uploads\/2016\/01\/reda.jpg\"><img loading=\"lazy\" decoding=\"async\" class=\"aligncenter size-full wp-image-55049\" src=\"http:\/\/www.sudoestehoje.com.br\/novoportal\/wp-content\/uploads\/2016\/01\/reda.jpg\" alt=\"reda\" width=\"480\" height=\"442\" \/><\/a><\/p>\n<p>A Secretaria da Educa\u00e7\u00e3o do Estado convoca mais 1.015 professores aprovados no pro\u00adcesso se\u00adle\u00adtivo sim\u00adpli\u00adfi\u00adcado, pelo Re\u00adgime Es\u00adpe\u00adcial de Di\u00adreito Ad\u00admi\u00adnis\u00adtra\u00adtivo (Reda), em que ir\u00e3o atuar na Educa\u00e7\u00e3o B\u00e1sica.<\/p>\n<p>At\u00e9 agora, 3.891 professores assinaram a convoca\u00e7\u00e3o do Estado. A a\u00e7\u00e3o faz parte do programa Educar para Transformar que visa melhorar a educa\u00e7\u00e3o p\u00fablica na Bahia. A rela\u00e7\u00e3o com o nome dos novos convocados est\u00e1 dispon\u00edvel no Di\u00e1rio Oficial e tamb\u00e9m pode ser acessada no Portal da Educa\u00e7\u00e3o, o <a href=\"http:\/\/www.educacao.ba.gov.br\/\" target=\"_blank\">www.educacao.ba.gov.br<\/a>.<\/p>\n<p>Nota-se que a estrat\u00e9gia do governador \u00e9 extinguir, aos poucos, a carreira do magist\u00e9rio p\u00fablico, realizando processos seletivos atrav\u00e9s do REDA (apelidado de &#8220;arreda&#8221;) e cooptando alguns sindicatos ligados a partidos da sua base aliada, como a APLB, que foi amorda\u00e7ada.\u00a0Concurso publico que \u00e9 bom, nem pensar.<\/p>\n<p><img decoding=\"async\" class=\"aligncenter\" src=\"http:\/\/www.sudoestehoje.com.br\/novoportal\/wp-content\/uploads\/2015\/12\/FEIRA-DO-LAR-NATAL-500x185.jpg\" alt=\"FEIRA DO LAR NATAL\" \/><\/p>\n","protected":false},"excerpt":{"rendered":"<p>A Secretaria da Educa\u00e7\u00e3o do Estado convoca mais 1.015 professores aprovados no pro\u00adcesso se\u00adle\u00adtivo sim\u00adpli\u00adfi\u00adcado, pelo Re\u00adgime Es\u00adpe\u00adcial de Di\u00adreito Ad\u00admi\u00adnis\u00adtra\u00adtivo (Reda), em que ir\u00e3o atuar na Educa\u00e7\u00e3o B\u00e1sica. At\u00e9 agora, 3.891 professores assinaram a convoca\u00e7\u00e3o do Estado. A a\u00e7\u00e3o faz parte do programa Educar para Transformar que visa melhorar a educa\u00e7\u00e3o p\u00fablica na Bahia. [&hellip;]<\/p>\n","protected":false},"author":2,"featured_media":0,"comment_status":"open","ping_status":"open","sticky":false,"template":"","format":"standard","meta":{"footnotes":"","_links_to":"","_links_to_target":""},"categories":[1],"tags":[],"class_list":["post-55048","post","type-post","status-publish","format-standard","hentry","category-geral"],"views":1275,"_links":{"self":[{"href":"https:\/\/www.sudoestehoje.com.br\/novoportal\/wp-json\/wp\/v2\/posts\/55048","targetHints":{"allow":["GET"]}}],"collection":[{"href":"https:\/\/www.sudoestehoje.com.br\/novoportal\/wp-json\/wp\/v2\/posts"}],"about":[{"href":"https:\/\/www.sudoestehoje.com.br\/novoportal\/wp-json\/wp\/v2\/types\/post"}],"author":[{"embeddable":true,"href":"https:\/\/www.sudoestehoje.com.br\/novoportal\/wp-json\/wp\/v2\/users\/2"}],"replies":[{"embeddable":true,"href":"https:\/\/www.sudoestehoje.com.br\/novoportal\/wp-json\/wp\/v2\/comments?post=55048"}],"version-history":[{"count":3,"href":"https:\/\/www.sudoestehoje.com.br\/novoportal\/wp-json\/wp\/v2\/posts\/55048\/revisions"}],"predecessor-version":[{"id":55052,"href":"https:\/\/www.sudoestehoje.com.br\/novoportal\/wp-json\/wp\/v2\/posts\/55048\/revisions\/55052"}],"wp:attachment":[{"href":"https:\/\/www.sudoestehoje.com.br\/novoportal\/wp-json\/wp\/v2\/media?parent=55048"}],"wp:term":[{"taxonomy":"category","embeddable":true,"href":"https:\/\/www.sudoestehoje.com.br\/novoportal\/wp-json\/wp\/v2\/categories?post=55048"},{"taxonomy":"post_tag","embeddable":true,"href":"https:\/\/www.sudoestehoje.com.br\/novoportal\/wp-json\/wp\/v2\/tags?post=55048"}],"curies":[{"name":"wp","href":"https:\/\/api.w.org\/{rel}","templated":true}]}}