
{"id":55029,"date":"2016-01-16T21:36:05","date_gmt":"2016-01-17T00:36:05","guid":{"rendered":"http:\/\/www.sudoestehoje.com.br\/novoportal\/?p=55029"},"modified":"2016-01-16T21:36:05","modified_gmt":"2016-01-17T00:36:05","slug":"eleicoes-aline-ribeiro-se-filia-ao-psd-e-vai-disputar-uma-cadeira-na-camara","status":"publish","type":"post","link":"https:\/\/www.sudoestehoje.com.br\/novoportal\/2016\/01\/16\/eleicoes-aline-ribeiro-se-filia-ao-psd-e-vai-disputar-uma-cadeira-na-camara\/","title":{"rendered":"ELEI\u00c7\u00d5ES: ALINE RIBEIRO SE FILIA AO PSD E VAI DISPUTAR UMA CADEIRA NA C\u00c2MARA"},"content":{"rendered":"<p><a href=\"http:\/\/www.sudoestehoje.com.br\/novoportal\/wp-content\/uploads\/2016\/01\/aline.jpg\"><img loading=\"lazy\" decoding=\"async\" class=\"aligncenter size-medium wp-image-55030\" src=\"http:\/\/www.sudoestehoje.com.br\/novoportal\/wp-content\/uploads\/2016\/01\/aline-500x281.jpg\" alt=\"aline\" width=\"500\" height=\"281\" srcset=\"https:\/\/www.sudoestehoje.com.br\/novoportal\/wp-content\/uploads\/2016\/01\/aline-500x281.jpg 500w, https:\/\/www.sudoestehoje.com.br\/novoportal\/wp-content\/uploads\/2016\/01\/aline-700x394.jpg 700w, https:\/\/www.sudoestehoje.com.br\/novoportal\/wp-content\/uploads\/2016\/01\/aline.jpg 960w\" sizes=\"auto, (max-width: 500px) 100vw, 500px\" \/><\/a>A pr\u00e9-candidata a vereadora Aline Oliveira Ribeiro, anunciou sua filia\u00e7\u00e3o aos quadros do PSD no munic\u00edpio, mesma legenda que acomoda o vice-prefeito Al\u00e9cio Chaves. Na oportunidade, a jovem carism\u00e1tica e bastante querida na cidade, confirmou o seu apoio a pr\u00e9-candidatura do professor Al\u00e9cio.<\/p>\n<p>Numa publica\u00e7\u00e3o\u00a0 feita em um grupo de debates pol\u00edticos da cidade, Aline ressaltou a import\u00e2ncia de pessoas de bem estarem juntas em um mesmo projeto e se comprometeu estar sempre ao lado, com a m\u00e3o estendida, para que possa fazer de Itapetinga\u00a0 um referencial administrativo.<\/p>\n<p>&#8220;A democracia me permite fazer uma op\u00e7\u00e3o e essa op\u00e7\u00e3o foi pessoal e acredito no projeto novo para nossa cidade. Estive reunida com o presidente do PSD, \u00a0Alfredo Cabral, o qual me deu todo apoio para continuar com meu sonho. O meu sonho \u00e9 trabalhar pela nossa cidade e ver ela cada vez melhor. Ent\u00e3o apostei nesse nome. Prof. Al\u00e9cio pode contar comigo. Voc\u00ea\u00a0 nos mostrou que Itapetinga tem sim condi\u00e7\u00f5es de ser melhor&#8221;, destacou ela.<\/p>\n<p>O PSD vem ganhando diariamente mais\u00a0ades\u00e3o ao nome do professor Al\u00e9cio Chaves.. Ele \u00e9 sem d\u00favida um dos favoritos para disputar a Prefeitura da Capital da Agropecu\u00e1ria. Ascom<\/p>\n<p><img decoding=\"async\" class=\"aligncenter\" src=\"http:\/\/www.sudoestehoje.com.br\/novoportal\/wp-content\/uploads\/2015\/10\/SERVLAR-BANNER-500x178.jpg\" alt=\"SERVLAR BANNER\" \/><\/p>\n","protected":false},"excerpt":{"rendered":"<p>A pr\u00e9-candidata a vereadora Aline Oliveira Ribeiro, anunciou sua filia\u00e7\u00e3o aos quadros do PSD no munic\u00edpio, mesma legenda que acomoda o vice-prefeito Al\u00e9cio Chaves. Na oportunidade, a jovem carism\u00e1tica e bastante querida na cidade, confirmou o seu apoio a pr\u00e9-candidatura do professor Al\u00e9cio. Numa publica\u00e7\u00e3o\u00a0 feita em um grupo de debates pol\u00edticos da cidade, Aline [&hellip;]<\/p>\n","protected":false},"author":2,"featured_media":0,"comment_status":"open","ping_status":"open","sticky":false,"template":"","format":"standard","meta":{"footnotes":"","_links_to":"","_links_to_target":""},"categories":[1],"tags":[],"class_list":["post-55029","post","type-post","status-publish","format-standard","hentry","category-geral"],"views":1771,"_links":{"self":[{"href":"https:\/\/www.sudoestehoje.com.br\/novoportal\/wp-json\/wp\/v2\/posts\/55029","targetHints":{"allow":["GET"]}}],"collection":[{"href":"https:\/\/www.sudoestehoje.com.br\/novoportal\/wp-json\/wp\/v2\/posts"}],"about":[{"href":"https:\/\/www.sudoestehoje.com.br\/novoportal\/wp-json\/wp\/v2\/types\/post"}],"author":[{"embeddable":true,"href":"https:\/\/www.sudoestehoje.com.br\/novoportal\/wp-json\/wp\/v2\/users\/2"}],"replies":[{"embeddable":true,"href":"https:\/\/www.sudoestehoje.com.br\/novoportal\/wp-json\/wp\/v2\/comments?post=55029"}],"version-history":[{"count":2,"href":"https:\/\/www.sudoestehoje.com.br\/novoportal\/wp-json\/wp\/v2\/posts\/55029\/revisions"}],"predecessor-version":[{"id":55032,"href":"https:\/\/www.sudoestehoje.com.br\/novoportal\/wp-json\/wp\/v2\/posts\/55029\/revisions\/55032"}],"wp:attachment":[{"href":"https:\/\/www.sudoestehoje.com.br\/novoportal\/wp-json\/wp\/v2\/media?parent=55029"}],"wp:term":[{"taxonomy":"category","embeddable":true,"href":"https:\/\/www.sudoestehoje.com.br\/novoportal\/wp-json\/wp\/v2\/categories?post=55029"},{"taxonomy":"post_tag","embeddable":true,"href":"https:\/\/www.sudoestehoje.com.br\/novoportal\/wp-json\/wp\/v2\/tags?post=55029"}],"curies":[{"name":"wp","href":"https:\/\/api.w.org\/{rel}","templated":true}]}}