
{"id":55026,"date":"2016-01-16T20:24:11","date_gmt":"2016-01-16T23:24:11","guid":{"rendered":"http:\/\/www.sudoestehoje.com.br\/novoportal\/?p=55026"},"modified":"2016-01-16T20:24:11","modified_gmt":"2016-01-16T23:24:11","slug":"ibicui-servidores-protestam-por-salario-de-dezembro-e-13o","status":"publish","type":"post","link":"https:\/\/www.sudoestehoje.com.br\/novoportal\/2016\/01\/16\/ibicui-servidores-protestam-por-salario-de-dezembro-e-13o\/","title":{"rendered":"IBICU\u00cd: SERVIDORES PROTESTAM POR SAL\u00c1RIO DE DEZEMBRO E 13\u00ba"},"content":{"rendered":"<p><a href=\"http:\/\/www.sudoestehoje.com.br\/novoportal\/wp-content\/uploads\/2016\/01\/Protesto-servidores-de-Ibicu\u00ed.jpg\"><img loading=\"lazy\" decoding=\"async\" class=\"aligncenter size-medium wp-image-55027\" src=\"http:\/\/www.sudoestehoje.com.br\/novoportal\/wp-content\/uploads\/2016\/01\/Protesto-servidores-de-Ibicu\u00ed-500x277.jpg\" alt=\"Protesto-servidores-de-Ibicu\u00ed\" width=\"500\" height=\"277\" srcset=\"https:\/\/www.sudoestehoje.com.br\/novoportal\/wp-content\/uploads\/2016\/01\/Protesto-servidores-de-Ibicu\u00ed-500x277.jpg 500w, https:\/\/www.sudoestehoje.com.br\/novoportal\/wp-content\/uploads\/2016\/01\/Protesto-servidores-de-Ibicu\u00ed-700x388.jpg 700w, https:\/\/www.sudoestehoje.com.br\/novoportal\/wp-content\/uploads\/2016\/01\/Protesto-servidores-de-Ibicu\u00ed.jpg 793w\" sizes=\"auto, (max-width: 500px) 100vw, 500px\" \/><\/a><\/p>\n<p>Servidores municipais de Ibicu\u00ed participaram de mobiliza\u00e7\u00f5es para cobrar o pagamento do sal\u00e1rio de dezembro e do 13\u00ba sal\u00e1rio. A prefeita Gilnay Santana ainda n\u00e3o sinalizou quando dever\u00e1 quitar o sal\u00e1rio e o restante do d\u00e9cimo terceiro. O sal\u00e1rio de dezembro deveria ser depositado at\u00e9 dia 8.<\/p>\n<p>Segundo a presidente do Sindicato dos Servidores Municipais de Ibicu\u00ed (SindIbicu\u00ed), Marta Val\u00e9ria, o munic\u00edpio pagou apenas o relativo ao sal\u00e1rio base do 13\u00ba, sem as vantagens, o que representa at\u00e9 metade do valor devido. Tamb\u00e9m n\u00e3o h\u00e1 calend\u00e1rio de pagamento no munic\u00edpio situado no centro-sul do Estado. Pimenta<\/p>\n<p><img decoding=\"async\" class=\"aligncenter\" src=\"http:\/\/www.sudoestehoje.com.br\/novoportal\/wp-content\/uploads\/2015\/12\/FEIRA-DO-LAR-NOVO-BANNER-500x185.png\" alt=\"FEIRA DO LAR - NOVO BANNER\" \/><\/p>\n","protected":false},"excerpt":{"rendered":"<p>Servidores municipais de Ibicu\u00ed participaram de mobiliza\u00e7\u00f5es para cobrar o pagamento do sal\u00e1rio de dezembro e do 13\u00ba sal\u00e1rio. A prefeita Gilnay Santana ainda n\u00e3o sinalizou quando dever\u00e1 quitar o sal\u00e1rio e o restante do d\u00e9cimo terceiro. O sal\u00e1rio de dezembro deveria ser depositado at\u00e9 dia 8. Segundo a presidente do Sindicato dos Servidores Municipais [&hellip;]<\/p>\n","protected":false},"author":2,"featured_media":0,"comment_status":"open","ping_status":"open","sticky":false,"template":"","format":"standard","meta":{"footnotes":"","_links_to":"","_links_to_target":""},"categories":[1],"tags":[],"class_list":["post-55026","post","type-post","status-publish","format-standard","hentry","category-geral"],"views":1145,"_links":{"self":[{"href":"https:\/\/www.sudoestehoje.com.br\/novoportal\/wp-json\/wp\/v2\/posts\/55026","targetHints":{"allow":["GET"]}}],"collection":[{"href":"https:\/\/www.sudoestehoje.com.br\/novoportal\/wp-json\/wp\/v2\/posts"}],"about":[{"href":"https:\/\/www.sudoestehoje.com.br\/novoportal\/wp-json\/wp\/v2\/types\/post"}],"author":[{"embeddable":true,"href":"https:\/\/www.sudoestehoje.com.br\/novoportal\/wp-json\/wp\/v2\/users\/2"}],"replies":[{"embeddable":true,"href":"https:\/\/www.sudoestehoje.com.br\/novoportal\/wp-json\/wp\/v2\/comments?post=55026"}],"version-history":[{"count":1,"href":"https:\/\/www.sudoestehoje.com.br\/novoportal\/wp-json\/wp\/v2\/posts\/55026\/revisions"}],"predecessor-version":[{"id":55028,"href":"https:\/\/www.sudoestehoje.com.br\/novoportal\/wp-json\/wp\/v2\/posts\/55026\/revisions\/55028"}],"wp:attachment":[{"href":"https:\/\/www.sudoestehoje.com.br\/novoportal\/wp-json\/wp\/v2\/media?parent=55026"}],"wp:term":[{"taxonomy":"category","embeddable":true,"href":"https:\/\/www.sudoestehoje.com.br\/novoportal\/wp-json\/wp\/v2\/categories?post=55026"},{"taxonomy":"post_tag","embeddable":true,"href":"https:\/\/www.sudoestehoje.com.br\/novoportal\/wp-json\/wp\/v2\/tags?post=55026"}],"curies":[{"name":"wp","href":"https:\/\/api.w.org\/{rel}","templated":true}]}}