
{"id":55022,"date":"2016-01-16T13:21:07","date_gmt":"2016-01-16T16:21:07","guid":{"rendered":"http:\/\/www.sudoestehoje.com.br\/novoportal\/?p=55022"},"modified":"2016-01-16T13:21:07","modified_gmt":"2016-01-16T16:21:07","slug":"itapetinga-crescencio-andrade-admite-se-candidatar-a-vereador","status":"publish","type":"post","link":"https:\/\/www.sudoestehoje.com.br\/novoportal\/2016\/01\/16\/itapetinga-crescencio-andrade-admite-se-candidatar-a-vereador\/","title":{"rendered":"ITAPETINGA: CRESC\u00caNCIO ANDRADE ADMITE SE CANDIDATAR A VEREADOR"},"content":{"rendered":"<div id=\"attachment_55023\" style=\"width: 510px\" class=\"wp-caption aligncenter\"><a href=\"http:\/\/www.sudoestehoje.com.br\/novoportal\/wp-content\/uploads\/2016\/01\/crescencio.jpg\"><img loading=\"lazy\" decoding=\"async\" aria-describedby=\"caption-attachment-55023\" class=\"size-medium wp-image-55023\" src=\"http:\/\/www.sudoestehoje.com.br\/novoportal\/wp-content\/uploads\/2016\/01\/crescencio-500x375.jpg\" alt=\"CRESC\u00caNCIO AO LADO DO CORONEL SERPA E DO VEREADOR TARUG\u00c3O\" width=\"500\" height=\"375\" srcset=\"https:\/\/www.sudoestehoje.com.br\/novoportal\/wp-content\/uploads\/2016\/01\/crescencio-500x375.jpg 500w, https:\/\/www.sudoestehoje.com.br\/novoportal\/wp-content\/uploads\/2016\/01\/crescencio-700x525.jpg 700w, https:\/\/www.sudoestehoje.com.br\/novoportal\/wp-content\/uploads\/2016\/01\/crescencio.jpg 960w\" sizes=\"auto, (max-width: 500px) 100vw, 500px\" \/><\/a><p id=\"caption-attachment-55023\" class=\"wp-caption-text\">CRESC\u00caNCIO AO LADO DO CORONEL SERPA E DO VEREADOR TARUG\u00c3O<\/p><\/div>\n<p>Depois do an\u00fancio da prov\u00e1vel candidatura de K\u00e1tia Espinheira \u00e0 vereadora, nas elei\u00e7\u00f5es de outubro pr\u00f3ximo, quem se animou e est\u00e1 decidido a disputar uma cadeira no legislativo municipal \u00e9 o ex-secret\u00e1rio municipal de transportes, Cresc\u00eancio Andrade.<\/p>\n<p>No per\u00edodo em que esteve no cargo de secret\u00e1rio municipal, Cresc\u00eancio chegou a ser cotado como sucessor natural de Michel Hagge (PMDB), mas os seus planos foram por \u00e1gua abaixo quando rompeu com o PMDB, depois de uma disputa interna com K\u00e1tia Espinheira, para compor a chapa michelista, como candidato a vice-prefeito.\u00a0Isto gerou uma rivalidade entre os ex-peemedebistas, o que perdura at\u00e9 hoje.<\/p>\n<p>Em contato com a reda\u00e7\u00e3o do Sudoeste Hoje, Cresc\u00eancio admitiu voltar \u00e0 pol\u00edtica, garantindo que tem mais votos que a sua antiga desafeta, o que foi demonstrado, segundo ele, na elei\u00e7\u00e3o passada, quando apoiou e coordenou a campanha do Coronel Serpa, que obteve vota\u00e7\u00e3o superior \u00e0 do candidato apoiado por K\u00e1tia, Tim\u00f3teo Brito, com menos da metade da estrutura e recursos financeiros utilizados em favor de Tim\u00f3teo.<\/p>\n<p>Cresc\u00eancio ainda n\u00e3o decidiu por qual partido dever\u00e1 se candidatar, mas afirmou que at\u00e9 o final de mar\u00e7o, quando encerra o prazo de filia\u00e7\u00e3o para quem vai se candidatar, tomar\u00e1 a sua decis\u00e3o e informar\u00e1 aos seus amigos e colaboradores .<\/p>\n<p>Com a chegada de nomes como o de K\u00e1tia Espinheira e seu rival Cresc\u00eancio Andrade, o n\u00edvel da C\u00e2mara de Vereadores dever\u00e1 melhorar, caso eles sejam eleitos, evidentemente.<\/p>\n<p><strong><em>Por Davi Ferraz<\/em><\/strong><\/p>\n<p><img decoding=\"async\" class=\"aligncenter\" src=\"http:\/\/www.sudoestehoje.com.br\/novoportal\/wp-content\/uploads\/2015\/07\/%C3%93TICA-ITAPUAN-BANNER1-500x179.jpg\" alt=\"\u00d3TICA-ITAPUAN-BANNER1\" \/><\/p>\n","protected":false},"excerpt":{"rendered":"<p>Depois do an\u00fancio da prov\u00e1vel candidatura de K\u00e1tia Espinheira \u00e0 vereadora, nas elei\u00e7\u00f5es de outubro pr\u00f3ximo, quem se animou e est\u00e1 decidido a disputar uma cadeira no legislativo municipal \u00e9 o ex-secret\u00e1rio municipal de transportes, Cresc\u00eancio Andrade. No per\u00edodo em que esteve no cargo de secret\u00e1rio municipal, Cresc\u00eancio chegou a ser cotado como sucessor natural [&hellip;]<\/p>\n","protected":false},"author":2,"featured_media":0,"comment_status":"open","ping_status":"open","sticky":false,"template":"","format":"standard","meta":{"footnotes":"","_links_to":"","_links_to_target":""},"categories":[1],"tags":[],"class_list":["post-55022","post","type-post","status-publish","format-standard","hentry","category-geral"],"views":1626,"_links":{"self":[{"href":"https:\/\/www.sudoestehoje.com.br\/novoportal\/wp-json\/wp\/v2\/posts\/55022","targetHints":{"allow":["GET"]}}],"collection":[{"href":"https:\/\/www.sudoestehoje.com.br\/novoportal\/wp-json\/wp\/v2\/posts"}],"about":[{"href":"https:\/\/www.sudoestehoje.com.br\/novoportal\/wp-json\/wp\/v2\/types\/post"}],"author":[{"embeddable":true,"href":"https:\/\/www.sudoestehoje.com.br\/novoportal\/wp-json\/wp\/v2\/users\/2"}],"replies":[{"embeddable":true,"href":"https:\/\/www.sudoestehoje.com.br\/novoportal\/wp-json\/wp\/v2\/comments?post=55022"}],"version-history":[{"count":2,"href":"https:\/\/www.sudoestehoje.com.br\/novoportal\/wp-json\/wp\/v2\/posts\/55022\/revisions"}],"predecessor-version":[{"id":55025,"href":"https:\/\/www.sudoestehoje.com.br\/novoportal\/wp-json\/wp\/v2\/posts\/55022\/revisions\/55025"}],"wp:attachment":[{"href":"https:\/\/www.sudoestehoje.com.br\/novoportal\/wp-json\/wp\/v2\/media?parent=55022"}],"wp:term":[{"taxonomy":"category","embeddable":true,"href":"https:\/\/www.sudoestehoje.com.br\/novoportal\/wp-json\/wp\/v2\/categories?post=55022"},{"taxonomy":"post_tag","embeddable":true,"href":"https:\/\/www.sudoestehoje.com.br\/novoportal\/wp-json\/wp\/v2\/tags?post=55022"}],"curies":[{"name":"wp","href":"https:\/\/api.w.org\/{rel}","templated":true}]}}