
{"id":55001,"date":"2016-01-15T22:37:26","date_gmt":"2016-01-16T01:37:26","guid":{"rendered":"http:\/\/www.sudoestehoje.com.br\/novoportal\/?p=55001"},"modified":"2016-01-15T22:37:26","modified_gmt":"2016-01-16T01:37:26","slug":"itororo-vereador-petista-dr-gustavo-fecha-com-o-prefeito-marco-brito","status":"publish","type":"post","link":"https:\/\/www.sudoestehoje.com.br\/novoportal\/2016\/01\/15\/itororo-vereador-petista-dr-gustavo-fecha-com-o-prefeito-marco-brito\/","title":{"rendered":"ITOROR\u00d3: VEREADOR PETISTA DR. GUSTAVO FECHA COM O PREFEITO MARCO BRITO"},"content":{"rendered":"<p><a href=\"http:\/\/www.sudoestehoje.com.br\/novoportal\/wp-content\/uploads\/2016\/01\/gustavo.jpg\"><img loading=\"lazy\" decoding=\"async\" class=\"aligncenter size-medium wp-image-55002\" src=\"http:\/\/www.sudoestehoje.com.br\/novoportal\/wp-content\/uploads\/2016\/01\/gustavo-500x333.jpg\" alt=\"gustavo\" width=\"500\" height=\"333\" srcset=\"https:\/\/www.sudoestehoje.com.br\/novoportal\/wp-content\/uploads\/2016\/01\/gustavo-500x333.jpg 500w, https:\/\/www.sudoestehoje.com.br\/novoportal\/wp-content\/uploads\/2016\/01\/gustavo.jpg 621w\" sizes=\"auto, (max-width: 500px) 100vw, 500px\" \/><\/a>O vereador Dr. Gustavo Souza (PT) caiu de vez nos bra\u00e7os do prefeito Marco Brito (PMDB) e aderiu ao Governo do Bem III, nesta semana. O jovem vereador \u00e9 dono de um hist\u00f3rico muito positivo de trabalho prestado \u00e0 popula\u00e7\u00e3o de Itoror\u00f3, Itati e Rio do Meio. \u00c9 com essa boa experi\u00eancia de trabalho que Gustavo chega ao grupo de Marco Brito.<\/p>\n<p>Ficou evidente o brilho nos olhos e a nova motiva\u00e7\u00e3o com a chegada do nobre vereador ao Governo, que foi recebido de bra\u00e7os abertos por toda a comitiva do Governo do Bem III, na inaugura\u00e7\u00e3o do PSF Fernando Arag\u00e3o, constru\u00eddo em anexo ao Hospital.<\/p>\n<p>Ap\u00f3s passar por maus bocados com a \u201cturma do PT\u201d e se desiludir totalmente com o tipo de governabilidade do Partido dos Trabalhadores, o edil decidiu por caminhar junto ao Governo Municipal, apostando que seja essa a melhor condi\u00e7\u00e3o para a popula\u00e7\u00e3o itororoense no momento.\u00a0Informa\u00e7\u00f5es do Blog Itoror\u00f3 J\u00e1<\/p>\n<p><img decoding=\"async\" class=\"aligncenter\" src=\"http:\/\/img.blogdoanderson.com\/publicidade\/cristo-redentor-02-15.jpg\" alt=\"\" \/><\/p>\n","protected":false},"excerpt":{"rendered":"<p>O vereador Dr. Gustavo Souza (PT) caiu de vez nos bra\u00e7os do prefeito Marco Brito (PMDB) e aderiu ao Governo do Bem III, nesta semana. O jovem vereador \u00e9 dono de um hist\u00f3rico muito positivo de trabalho prestado \u00e0 popula\u00e7\u00e3o de Itoror\u00f3, Itati e Rio do Meio. \u00c9 com essa boa experi\u00eancia de trabalho que [&hellip;]<\/p>\n","protected":false},"author":2,"featured_media":0,"comment_status":"open","ping_status":"open","sticky":false,"template":"","format":"standard","meta":{"footnotes":"","_links_to":"","_links_to_target":""},"categories":[1],"tags":[],"class_list":["post-55001","post","type-post","status-publish","format-standard","hentry","category-geral"],"views":2187,"_links":{"self":[{"href":"https:\/\/www.sudoestehoje.com.br\/novoportal\/wp-json\/wp\/v2\/posts\/55001","targetHints":{"allow":["GET"]}}],"collection":[{"href":"https:\/\/www.sudoestehoje.com.br\/novoportal\/wp-json\/wp\/v2\/posts"}],"about":[{"href":"https:\/\/www.sudoestehoje.com.br\/novoportal\/wp-json\/wp\/v2\/types\/post"}],"author":[{"embeddable":true,"href":"https:\/\/www.sudoestehoje.com.br\/novoportal\/wp-json\/wp\/v2\/users\/2"}],"replies":[{"embeddable":true,"href":"https:\/\/www.sudoestehoje.com.br\/novoportal\/wp-json\/wp\/v2\/comments?post=55001"}],"version-history":[{"count":3,"href":"https:\/\/www.sudoestehoje.com.br\/novoportal\/wp-json\/wp\/v2\/posts\/55001\/revisions"}],"predecessor-version":[{"id":55005,"href":"https:\/\/www.sudoestehoje.com.br\/novoportal\/wp-json\/wp\/v2\/posts\/55001\/revisions\/55005"}],"wp:attachment":[{"href":"https:\/\/www.sudoestehoje.com.br\/novoportal\/wp-json\/wp\/v2\/media?parent=55001"}],"wp:term":[{"taxonomy":"category","embeddable":true,"href":"https:\/\/www.sudoestehoje.com.br\/novoportal\/wp-json\/wp\/v2\/categories?post=55001"},{"taxonomy":"post_tag","embeddable":true,"href":"https:\/\/www.sudoestehoje.com.br\/novoportal\/wp-json\/wp\/v2\/tags?post=55001"}],"curies":[{"name":"wp","href":"https:\/\/api.w.org\/{rel}","templated":true}]}}