
{"id":54997,"date":"2016-01-15T21:21:14","date_gmt":"2016-01-16T00:21:14","guid":{"rendered":"http:\/\/www.sudoestehoje.com.br\/novoportal\/?p=54997"},"modified":"2016-01-15T21:21:14","modified_gmt":"2016-01-16T00:21:14","slug":"populacao-de-jequie-vai-as-ruas-para-pedir-afastamento-da-prefeita-tania-brito","status":"publish","type":"post","link":"https:\/\/www.sudoestehoje.com.br\/novoportal\/2016\/01\/15\/populacao-de-jequie-vai-as-ruas-para-pedir-afastamento-da-prefeita-tania-brito\/","title":{"rendered":"POPULA\u00c7\u00c3O DE JEQUI\u00c9 VAI \u00c0S RUAS PARA PEDIR AFASTAMENTO DA PREFEITA T\u00c2NIA BRITO"},"content":{"rendered":"<p><a href=\"http:\/\/www.sudoestehoje.com.br\/novoportal\/wp-content\/uploads\/2016\/01\/fora.jpg\"><img loading=\"lazy\" decoding=\"async\" class=\"aligncenter  wp-image-54998\" src=\"http:\/\/www.sudoestehoje.com.br\/novoportal\/wp-content\/uploads\/2016\/01\/fora-500x301.jpg\" alt=\"fora\" width=\"500\" height=\"301\" srcset=\"https:\/\/www.sudoestehoje.com.br\/novoportal\/wp-content\/uploads\/2016\/01\/fora-500x301.jpg 500w, https:\/\/www.sudoestehoje.com.br\/novoportal\/wp-content\/uploads\/2016\/01\/fora.jpg 504w\" sizes=\"auto, (max-width: 500px) 100vw, 500px\" \/><\/a>Vereadores da bancada de oposi\u00e7\u00e3o, presidentes e membros de partido e representantes de movimentos populares juntaram-se a pessoas da comunidade, participando no final da tarde desta sexta-feira (15), de uma caminhada de protesto rotulada de \u201cMovimento Fora T\u00e2nia\u201d, no qual foi pedido publicamente o afastamento da prefeita T\u00e2nia Britto (PP), do cargo.<\/p>\n<p>Faixas, cartazes, c\u00e2nticos e palavras de ordem deram a t\u00f4nica da manifesta\u00e7\u00e3o durante todo o trajeto, tamb\u00e9m acompanhado por ve\u00edculos que promoveram um buzina\u00e7o. Os oradores que se revezaram do alto de um carro de som, direcionam cr\u00edticas e den\u00fancias contra a administra\u00e7\u00e3o municipal e, estenderam os protestos aos deputados Roberto Britto (federal), Euclides Fernandes (estadual) e aos vereadores que integram a base aliada da prefeita, cobrando dos mesmos votos favor\u00e1veis ao pedido de impeachment da prefeita.<\/p>\n<p>Entidades classistas, representa\u00e7\u00f5es dos setores do com\u00e9rcio e ind\u00fastria e entidades que representam os servidores do munic\u00edpio, a exemplos da APLB\/Sindicato e o Sinserv, al\u00e9m de algumas denomina\u00e7\u00f5es religiosas foram criticadas pela n\u00e3o ades\u00e3o ao evento. O protesto convocado atrav\u00e9s das redes sociais e emissoras de r\u00e1dio da cidade, teve in\u00edcio na Pra\u00e7a do Viveiro de onde os manifestaram se dirigiram para a Pra\u00e7a Ruy Barbosa, com uma parada para pronunciamentos, em frente ao pr\u00e9dio da C\u00e2mara de Vereadores. Jequi\u00e9 Reporter<\/p>\n<p><img decoding=\"async\" class=\"aligncenter\" src=\"http:\/\/www.sudoestehoje.com.br\/novoportal\/wp-content\/uploads\/2014\/06\/COOLEITE-PRODUTOS-500x249.jpg\" alt=\"COOLEITE PRODUTOS\" \/><\/p>\n","protected":false},"excerpt":{"rendered":"<p>Vereadores da bancada de oposi\u00e7\u00e3o, presidentes e membros de partido e representantes de movimentos populares juntaram-se a pessoas da comunidade, participando no final da tarde desta sexta-feira (15), de uma caminhada de protesto rotulada de \u201cMovimento Fora T\u00e2nia\u201d, no qual foi pedido publicamente o afastamento da prefeita T\u00e2nia Britto (PP), do cargo. Faixas, cartazes, c\u00e2nticos [&hellip;]<\/p>\n","protected":false},"author":2,"featured_media":0,"comment_status":"open","ping_status":"open","sticky":false,"template":"","format":"standard","meta":{"footnotes":"","_links_to":"","_links_to_target":""},"categories":[1],"tags":[],"class_list":["post-54997","post","type-post","status-publish","format-standard","hentry","category-geral"],"views":1187,"_links":{"self":[{"href":"https:\/\/www.sudoestehoje.com.br\/novoportal\/wp-json\/wp\/v2\/posts\/54997","targetHints":{"allow":["GET"]}}],"collection":[{"href":"https:\/\/www.sudoestehoje.com.br\/novoportal\/wp-json\/wp\/v2\/posts"}],"about":[{"href":"https:\/\/www.sudoestehoje.com.br\/novoportal\/wp-json\/wp\/v2\/types\/post"}],"author":[{"embeddable":true,"href":"https:\/\/www.sudoestehoje.com.br\/novoportal\/wp-json\/wp\/v2\/users\/2"}],"replies":[{"embeddable":true,"href":"https:\/\/www.sudoestehoje.com.br\/novoportal\/wp-json\/wp\/v2\/comments?post=54997"}],"version-history":[{"count":2,"href":"https:\/\/www.sudoestehoje.com.br\/novoportal\/wp-json\/wp\/v2\/posts\/54997\/revisions"}],"predecessor-version":[{"id":55000,"href":"https:\/\/www.sudoestehoje.com.br\/novoportal\/wp-json\/wp\/v2\/posts\/54997\/revisions\/55000"}],"wp:attachment":[{"href":"https:\/\/www.sudoestehoje.com.br\/novoportal\/wp-json\/wp\/v2\/media?parent=54997"}],"wp:term":[{"taxonomy":"category","embeddable":true,"href":"https:\/\/www.sudoestehoje.com.br\/novoportal\/wp-json\/wp\/v2\/categories?post=54997"},{"taxonomy":"post_tag","embeddable":true,"href":"https:\/\/www.sudoestehoje.com.br\/novoportal\/wp-json\/wp\/v2\/tags?post=54997"}],"curies":[{"name":"wp","href":"https:\/\/api.w.org\/{rel}","templated":true}]}}