
{"id":54987,"date":"2016-01-14T21:06:03","date_gmt":"2016-01-15T00:06:03","guid":{"rendered":"http:\/\/www.sudoestehoje.com.br\/novoportal\/?p=54987"},"modified":"2016-01-14T21:06:03","modified_gmt":"2016-01-15T00:06:03","slug":"piso-salarial-dos-professores-tem-reajuste-de-1136-e-sera-de-r-2-13564","status":"publish","type":"post","link":"https:\/\/www.sudoestehoje.com.br\/novoportal\/2016\/01\/14\/piso-salarial-dos-professores-tem-reajuste-de-1136-e-sera-de-r-2-13564\/","title":{"rendered":"PISO SALARIAL DOS PROFESSORES TEM REAJUSTE DE 11,36% E SER\u00c1 DE R$ 2.135,64"},"content":{"rendered":"<p><a href=\"http:\/\/www.sudoestehoje.com.br\/novoportal\/wp-content\/uploads\/2016\/01\/PISO-1.jpg\"><img loading=\"lazy\" decoding=\"async\" class=\"aligncenter size-medium wp-image-54989\" src=\"http:\/\/www.sudoestehoje.com.br\/novoportal\/wp-content\/uploads\/2016\/01\/PISO-1-500x330.jpg\" alt=\"PISO 1\" width=\"500\" height=\"330\" \/><\/a><\/p>\n<p>O piso salarial do magist\u00e9rio ser\u00e1 reajustado em 11,36%, conforme determina o artigo 5\u00ba da Lei n\u00ba 11.738, de 16 de julho de 2008. O novo valor ser\u00e1 de R$ 2.135,64 e passa a valer a partir deste m\u00eas. O novo valor est\u00e1 sendo divulgado a estados e munic\u00edpios pelo Minist\u00e9rio da Educa\u00e7\u00e3o nesta quinta-feira, 14, por meio de aviso ministerial.<\/p>\n<p>\u201cA lei tem permitido um crescimento significativo do valor do piso salarial dos professores\u201d, destacou o ministro da Educa\u00e7\u00e3o, Aloizio Mercadante, em entrevista. De 2009 a 2015, o crescimento real do piso salarial do magist\u00e9rio foi de 46,05%, um percentual acima da infla\u00e7\u00e3o. \u201cSeguramente foi um dos melhores crescimentos salariais entre os pisos de profissionais\u201d, afirmou.<\/p>\n<p>O piso salarial nacional para os profissionais do magist\u00e9rio p\u00fablico da educa\u00e7\u00e3o b\u00e1sica \u00e9 o valor abaixo do qual a Uni\u00e3o, os estados, o Distrito Federal e os munic\u00edpios n\u00e3o poder\u00e3o fixar o vencimento inicial das carreiras do magist\u00e9rio p\u00fablico da educa\u00e7\u00e3o b\u00e1sica para a forma\u00e7\u00e3o em n\u00edvel m\u00e9dio, na modalidade Normal, com jornada de, no m\u00e1ximo, quarenta horas semanais.<\/p>\n<p><img decoding=\"async\" class=\"aligncenter\" src=\"http:\/\/www.sudoestehoje.com.br\/novoportal\/wp-content\/uploads\/2015\/12\/FEIRA-DO-LAR-NATAL-500x185.jpg\" alt=\"FEIRA DO LAR NATAL\" \/><\/p>\n","protected":false},"excerpt":{"rendered":"<p>O piso salarial do magist\u00e9rio ser\u00e1 reajustado em 11,36%, conforme determina o artigo 5\u00ba da Lei n\u00ba 11.738, de 16 de julho de 2008. O novo valor ser\u00e1 de R$ 2.135,64 e passa a valer a partir deste m\u00eas. O novo valor est\u00e1 sendo divulgado a estados e munic\u00edpios pelo Minist\u00e9rio da Educa\u00e7\u00e3o nesta quinta-feira, [&hellip;]<\/p>\n","protected":false},"author":2,"featured_media":0,"comment_status":"open","ping_status":"open","sticky":false,"template":"","format":"standard","meta":{"footnotes":"","_links_to":"","_links_to_target":""},"categories":[1],"tags":[],"class_list":["post-54987","post","type-post","status-publish","format-standard","hentry","category-geral"],"views":1894,"_links":{"self":[{"href":"https:\/\/www.sudoestehoje.com.br\/novoportal\/wp-json\/wp\/v2\/posts\/54987","targetHints":{"allow":["GET"]}}],"collection":[{"href":"https:\/\/www.sudoestehoje.com.br\/novoportal\/wp-json\/wp\/v2\/posts"}],"about":[{"href":"https:\/\/www.sudoestehoje.com.br\/novoportal\/wp-json\/wp\/v2\/types\/post"}],"author":[{"embeddable":true,"href":"https:\/\/www.sudoestehoje.com.br\/novoportal\/wp-json\/wp\/v2\/users\/2"}],"replies":[{"embeddable":true,"href":"https:\/\/www.sudoestehoje.com.br\/novoportal\/wp-json\/wp\/v2\/comments?post=54987"}],"version-history":[{"count":1,"href":"https:\/\/www.sudoestehoje.com.br\/novoportal\/wp-json\/wp\/v2\/posts\/54987\/revisions"}],"predecessor-version":[{"id":54990,"href":"https:\/\/www.sudoestehoje.com.br\/novoportal\/wp-json\/wp\/v2\/posts\/54987\/revisions\/54990"}],"wp:attachment":[{"href":"https:\/\/www.sudoestehoje.com.br\/novoportal\/wp-json\/wp\/v2\/media?parent=54987"}],"wp:term":[{"taxonomy":"category","embeddable":true,"href":"https:\/\/www.sudoestehoje.com.br\/novoportal\/wp-json\/wp\/v2\/categories?post=54987"},{"taxonomy":"post_tag","embeddable":true,"href":"https:\/\/www.sudoestehoje.com.br\/novoportal\/wp-json\/wp\/v2\/tags?post=54987"}],"curies":[{"name":"wp","href":"https:\/\/api.w.org\/{rel}","templated":true}]}}