
{"id":54966,"date":"2016-01-14T08:00:21","date_gmt":"2016-01-14T11:00:21","guid":{"rendered":"http:\/\/www.sudoestehoje.com.br\/novoportal\/?p=54966"},"modified":"2016-01-14T08:13:32","modified_gmt":"2016-01-14T11:13:32","slug":"itapetinga-pre-candidaturas-a-prefeito-continuam-indefinidas","status":"publish","type":"post","link":"https:\/\/www.sudoestehoje.com.br\/novoportal\/2016\/01\/14\/itapetinga-pre-candidaturas-a-prefeito-continuam-indefinidas\/","title":{"rendered":"ITAPETINGA: PR\u00c9-CANDIDATURAS A PREFEITO CONTINUAM INDEFINIDAS"},"content":{"rendered":"<div id=\"attachment_54967\" style=\"width: 510px\" class=\"wp-caption aligncenter\"><a href=\"http:\/\/www.sudoestehoje.com.br\/novoportal\/wp-content\/uploads\/2016\/01\/ze-michel-e-ze-ot-21.jpg\"><img loading=\"lazy\" decoding=\"async\" aria-describedby=\"caption-attachment-54967\" class=\"size-medium wp-image-54967\" src=\"http:\/\/www.sudoestehoje.com.br\/novoportal\/wp-content\/uploads\/2016\/01\/ze-michel-e-ze-ot-21-500x250.jpg\" alt=\"DEFINI\u00c7\u00c3O DE PR\u00c9-CANDIDATURAS PASSA POR MICHEL HAGGE, JOS\u00c9 OT\u00c1VIO E O PREFEITO Z\u00c9 CARLOS \" width=\"500\" height=\"250\" srcset=\"https:\/\/www.sudoestehoje.com.br\/novoportal\/wp-content\/uploads\/2016\/01\/ze-michel-e-ze-ot-21-500x250.jpg 500w, https:\/\/www.sudoestehoje.com.br\/novoportal\/wp-content\/uploads\/2016\/01\/ze-michel-e-ze-ot-21.jpg 640w\" sizes=\"auto, (max-width: 500px) 100vw, 500px\" \/><\/a><p id=\"caption-attachment-54967\" class=\"wp-caption-text\">DEFINI\u00c7\u00c3O DE PR\u00c9-CANDIDATURAS PASSA POR MICHEL HAGGE, JOS\u00c9 OT\u00c1VIO E O PREFEITO Z\u00c9 CARLOS<\/p><\/div>\n<p>Com o novo calend\u00e1rio eleitoral estabelecido pelo TSE, os prazos para troca de partido, realiza\u00e7\u00e3o das conven\u00e7\u00f5es partid\u00e1rias e registros de candidaturas foram &#8217;empurrados&#8217; para a frente, o que levou os partidos pol\u00edticos a adiarem a escolha e lan\u00e7amento das pr\u00e9-candidaturas a prefeito, vice, e at\u00e9 a vereador.<\/p>\n<p>No grupo do prefeito Z\u00e9 Carlos, o consenso \u00e9 de que o nome oficial para disputar a sucess\u00e3o municipal dever\u00e1 sair somente em junho ou julho, at\u00e9 porque n\u00e3o existe no grupo um nome de peso para enfrentar as oposi\u00e7\u00f5es, que est\u00e3o unidas e podem surpreender com um nome forte.<\/p>\n<p>Dos nomes mais cotados para a disputa, apenas o vice-prefeito Al\u00e9cio Chaves (PSD) e o ex-secret\u00e1rio de fazenda Renan Pereira (DEM) se articulam, fazendo reuni\u00f5es, visitas aos bairros e costurando acordos, buscando dar maior densidade \u00e0s suas pretensas candidaturas.<\/p>\n<p>Ao lado do atuante vereador Alfredo Cabral, Al\u00e9cio tem se reunido com diversos segmentos, principalmente com o setor evang\u00e9lico, ao qual \u00e9 ligado e goza de grande prest\u00edgio, enquanto o oposicionista Renan Pereira segue se articulando em v\u00e1rios setores em busca de apoio, para se credenciar como pr\u00e9-candidatos das oposi\u00e7\u00f5es.<\/p>\n<p>Outros nomes novos como Adriano Alc\u00e2ntara (PSDB), Sisinio Galv\u00e3o (PMDB), Geraldo Trindade (DEM), Edilson Lima (PMDB), Darwin Renan (PMDB) e Rodrigo Hagge (PMDB), s\u00e3o bem cotados, mas v\u00e3o ter que esperar mais um pouco, at\u00e9 que os l\u00edderes Michel Hagge e Jos\u00e9 Ot\u00e1vio cheguem a um consenso sobre o melhor nome para as oposi\u00e7\u00f5es.<\/p>\n<p>Leonardo Matos e K\u00e1tia Espinheira, ambos do PTB, dependem de uma defini\u00e7\u00e3o do deputado federal Ant\u00f4nio Brito, que ainda n\u00e3o decidiu se fecha com a situa\u00e7\u00e3o ou oposi\u00e7\u00e3o.<\/p>\n<p>At\u00e9 l\u00e1, ficam todos no compasso de espera.<\/p>\n<p><strong><em>Por Davi Ferraz\u00a0<\/em><\/strong><\/p>\n","protected":false},"excerpt":{"rendered":"<p>Com o novo calend\u00e1rio eleitoral estabelecido pelo TSE, os prazos para troca de partido, realiza\u00e7\u00e3o das conven\u00e7\u00f5es partid\u00e1rias e registros de candidaturas foram &#8217;empurrados&#8217; para a frente, o que levou os partidos pol\u00edticos a adiarem a escolha e lan\u00e7amento das pr\u00e9-candidaturas a prefeito, vice, e at\u00e9 a vereador. No grupo do prefeito Z\u00e9 Carlos, o [&hellip;]<\/p>\n","protected":false},"author":2,"featured_media":0,"comment_status":"open","ping_status":"open","sticky":false,"template":"","format":"standard","meta":{"footnotes":"","_links_to":"","_links_to_target":""},"categories":[1],"tags":[],"class_list":["post-54966","post","type-post","status-publish","format-standard","hentry","category-geral"],"views":1786,"_links":{"self":[{"href":"https:\/\/www.sudoestehoje.com.br\/novoportal\/wp-json\/wp\/v2\/posts\/54966","targetHints":{"allow":["GET"]}}],"collection":[{"href":"https:\/\/www.sudoestehoje.com.br\/novoportal\/wp-json\/wp\/v2\/posts"}],"about":[{"href":"https:\/\/www.sudoestehoje.com.br\/novoportal\/wp-json\/wp\/v2\/types\/post"}],"author":[{"embeddable":true,"href":"https:\/\/www.sudoestehoje.com.br\/novoportal\/wp-json\/wp\/v2\/users\/2"}],"replies":[{"embeddable":true,"href":"https:\/\/www.sudoestehoje.com.br\/novoportal\/wp-json\/wp\/v2\/comments?post=54966"}],"version-history":[{"count":4,"href":"https:\/\/www.sudoestehoje.com.br\/novoportal\/wp-json\/wp\/v2\/posts\/54966\/revisions"}],"predecessor-version":[{"id":54971,"href":"https:\/\/www.sudoestehoje.com.br\/novoportal\/wp-json\/wp\/v2\/posts\/54966\/revisions\/54971"}],"wp:attachment":[{"href":"https:\/\/www.sudoestehoje.com.br\/novoportal\/wp-json\/wp\/v2\/media?parent=54966"}],"wp:term":[{"taxonomy":"category","embeddable":true,"href":"https:\/\/www.sudoestehoje.com.br\/novoportal\/wp-json\/wp\/v2\/categories?post=54966"},{"taxonomy":"post_tag","embeddable":true,"href":"https:\/\/www.sudoestehoje.com.br\/novoportal\/wp-json\/wp\/v2\/tags?post=54966"}],"curies":[{"name":"wp","href":"https:\/\/api.w.org\/{rel}","templated":true}]}}