
{"id":54956,"date":"2016-01-13T20:22:32","date_gmt":"2016-01-13T23:22:32","guid":{"rendered":"http:\/\/www.sudoestehoje.com.br\/novoportal\/?p=54956"},"modified":"2016-01-13T20:22:32","modified_gmt":"2016-01-13T23:22:32","slug":"ministro-diz-que-vai-torcer-para-que-mulheres-peguem-zica-antes-da-idade-fertil","status":"publish","type":"post","link":"https:\/\/www.sudoestehoje.com.br\/novoportal\/2016\/01\/13\/ministro-diz-que-vai-torcer-para-que-mulheres-peguem-zica-antes-da-idade-fertil\/","title":{"rendered":"MINISTRO DIZ QUE VAI &#8220;TORCER&#8221; PARA QUE MULHERES PEGUEM ZICA ANTES DA IDADE F\u00c9RTIL"},"content":{"rendered":"<p><a href=\"http:\/\/www.sudoestehoje.com.br\/novoportal\/wp-content\/uploads\/2016\/01\/marcelo-castro1449753010.jpg\"><img loading=\"lazy\" decoding=\"async\" class=\"aligncenter size-medium wp-image-54957\" src=\"http:\/\/www.sudoestehoje.com.br\/novoportal\/wp-content\/uploads\/2016\/01\/marcelo-castro1449753010-500x327.jpg\" alt=\"marcelo-castro1449753010\" width=\"500\" height=\"327\" srcset=\"https:\/\/www.sudoestehoje.com.br\/novoportal\/wp-content\/uploads\/2016\/01\/marcelo-castro1449753010-500x327.jpg 500w, https:\/\/www.sudoestehoje.com.br\/novoportal\/wp-content\/uploads\/2016\/01\/marcelo-castro1449753010.jpg 620w\" sizes=\"auto, (max-width: 500px) 100vw, 500px\" \/><\/a><\/p>\n<p>O ministro da Sa\u00fade, Marcelo Castro, cometeu mais uma gafe nesta quarta-feira, 13, ao afirmar, em tom de brincadeira, que torceria para que mulheres se contaminem pelo zika antes da idade f\u00e9rtil. O coment\u00e1rio foi feito quando Castro falava sobre os projetos de desenvolvimento de vacina contra o v\u00edrus, que chegou ao Brasil no ano passado, j\u00e1 circula em 20 Estados e est\u00e1 relacionado ao surto de nascimento de beb\u00eas com microcefalia.<\/p>\n<p>O ministro disse que o imunizante, uma vez desenvolvido, seria fornecido para parte da popula\u00e7\u00e3o considerada mais suscet\u00edvel. &#8220;N\u00e3o vamos dar vacina para 200 milh\u00f5es de brasileiros. Mas para pessoas em per\u00edodo f\u00e9rtil. E vamos torcer para que mulheres antes de entrar no per\u00edodo f\u00e9rtil peguem a zika, para elas ficarem imunizadas pelo pr\u00f3prio mosquito. A\u00ed n\u00e3o precisa da vacina&#8221;, disse.<\/p>\n<p>Tr\u00eas laborat\u00f3rios p\u00fablicos se preparam para iniciar projetos para desenvolvimento de vacinas que protejam contra o zika.<\/p>\n","protected":false},"excerpt":{"rendered":"<p>O ministro da Sa\u00fade, Marcelo Castro, cometeu mais uma gafe nesta quarta-feira, 13, ao afirmar, em tom de brincadeira, que torceria para que mulheres se contaminem pelo zika antes da idade f\u00e9rtil. O coment\u00e1rio foi feito quando Castro falava sobre os projetos de desenvolvimento de vacina contra o v\u00edrus, que chegou ao Brasil no ano [&hellip;]<\/p>\n","protected":false},"author":2,"featured_media":0,"comment_status":"open","ping_status":"open","sticky":false,"template":"","format":"standard","meta":{"footnotes":"","_links_to":"","_links_to_target":""},"categories":[1],"tags":[],"class_list":["post-54956","post","type-post","status-publish","format-standard","hentry","category-geral"],"views":1253,"_links":{"self":[{"href":"https:\/\/www.sudoestehoje.com.br\/novoportal\/wp-json\/wp\/v2\/posts\/54956","targetHints":{"allow":["GET"]}}],"collection":[{"href":"https:\/\/www.sudoestehoje.com.br\/novoportal\/wp-json\/wp\/v2\/posts"}],"about":[{"href":"https:\/\/www.sudoestehoje.com.br\/novoportal\/wp-json\/wp\/v2\/types\/post"}],"author":[{"embeddable":true,"href":"https:\/\/www.sudoestehoje.com.br\/novoportal\/wp-json\/wp\/v2\/users\/2"}],"replies":[{"embeddable":true,"href":"https:\/\/www.sudoestehoje.com.br\/novoportal\/wp-json\/wp\/v2\/comments?post=54956"}],"version-history":[{"count":2,"href":"https:\/\/www.sudoestehoje.com.br\/novoportal\/wp-json\/wp\/v2\/posts\/54956\/revisions"}],"predecessor-version":[{"id":54959,"href":"https:\/\/www.sudoestehoje.com.br\/novoportal\/wp-json\/wp\/v2\/posts\/54956\/revisions\/54959"}],"wp:attachment":[{"href":"https:\/\/www.sudoestehoje.com.br\/novoportal\/wp-json\/wp\/v2\/media?parent=54956"}],"wp:term":[{"taxonomy":"category","embeddable":true,"href":"https:\/\/www.sudoestehoje.com.br\/novoportal\/wp-json\/wp\/v2\/categories?post=54956"},{"taxonomy":"post_tag","embeddable":true,"href":"https:\/\/www.sudoestehoje.com.br\/novoportal\/wp-json\/wp\/v2\/tags?post=54956"}],"curies":[{"name":"wp","href":"https:\/\/api.w.org\/{rel}","templated":true}]}}