
{"id":54952,"date":"2016-01-13T20:03:32","date_gmt":"2016-01-13T23:03:32","guid":{"rendered":"http:\/\/www.sudoestehoje.com.br\/novoportal\/?p=54952"},"modified":"2016-01-13T20:03:32","modified_gmt":"2016-01-13T23:03:32","slug":"estado-tera-r-45-milhoes-para-contrucao-de-terminal-no-aeroporto-de-conquista-diz-seinfra","status":"publish","type":"post","link":"https:\/\/www.sudoestehoje.com.br\/novoportal\/2016\/01\/13\/estado-tera-r-45-milhoes-para-contrucao-de-terminal-no-aeroporto-de-conquista-diz-seinfra\/","title":{"rendered":"ESTADO TER\u00c1 R$ 45 MILH\u00d5ES PARA CONTRU\u00c7\u00c3O DE TERMINAL NO AEROPORTO DE CONQUISTA, DIZ SEINFRA"},"content":{"rendered":"<div id=\"attachment_54953\" style=\"width: 510px\" class=\"wp-caption aligncenter\"><a href=\"http:\/\/www.sudoestehoje.com.br\/novoportal\/wp-content\/uploads\/2016\/01\/aeroporto.jpg\"><img loading=\"lazy\" decoding=\"async\" aria-describedby=\"caption-attachment-54953\" class=\"size-medium wp-image-54953\" src=\"http:\/\/www.sudoestehoje.com.br\/novoportal\/wp-content\/uploads\/2016\/01\/aeroporto-500x333.jpg\" alt=\"OBRAS DO NOVO AEROPORTO DE CONQUISTA EST\u00c3O PADALIZADAS\" width=\"500\" height=\"333\" srcset=\"https:\/\/www.sudoestehoje.com.br\/novoportal\/wp-content\/uploads\/2016\/01\/aeroporto-500x333.jpg 500w, https:\/\/www.sudoestehoje.com.br\/novoportal\/wp-content\/uploads\/2016\/01\/aeroporto.jpg 550w\" sizes=\"auto, (max-width: 500px) 100vw, 500px\" \/><\/a><p id=\"caption-attachment-54953\" class=\"wp-caption-text\">OBRAS DO NOVO AEROPORTO DE CONQUISTA EST\u00c3O PADALISADAS<\/p><\/div>\n<p>O edital para as obras do terminal de passageiros do novo aeroporto de Vit\u00f3ria da Conquista, no sudoeste baiano, dever\u00e1 ser lan\u00e7ado em fevereiro, segundo o secret\u00e1rio estadual de Infraestrutura (Seinfra), Marcus Cavalcanti. A obra est\u00e1 or\u00e7ada em R$ 45 milh\u00f5es.<\/p>\n<p>Amanh\u00e3, segundo a Seinfra, ser\u00e1 publicada libera\u00e7\u00e3o de conv\u00eanio entre o governo estadual e a Secretaria da Avia\u00e7\u00e3o Civil para a constru\u00e7\u00e3o do terminal. A secretaria ser\u00e1 respons\u00e1vel pela licita\u00e7\u00e3o e constru\u00e7\u00e3o do terminal.<\/p>\n<p>Uma reuni\u00e3o em Bras\u00edlia, entre o diretor de Aeroportos e Terminais da Seinfra, Denisson de Oliveira, com membros da Secretaria de Avia\u00e7\u00e3o Civil, ocorrer\u00e1 ainda esta semana para definir as planilhas de pre\u00e7os da constru\u00e7\u00e3o do terminal. Assim que liberadas, o Governador vai realizar uma visita \u00e0s obras e autorizar o lan\u00e7amento do edital de licita\u00e7\u00e3o.<\/p>\n<p>O secret\u00e1rio Marcus Cavalcanti ressalta que obras vem sendo realizadas para melhorar o acesso ao aeroporto. \u201cA constru\u00e7\u00e3o do viaduto sobre a BR-116 vai ser importante para quem tamb\u00e9m precisa utilizar a via para chegar ao terminal. E uma nova pista de acesso tamb\u00e9m ser\u00e1 constru\u00edda\u201d, afirma o gestor.<\/p>\n<p>As vias internas do aeroporto, a se\u00e7\u00e3o contra inc\u00eandio, as cercas de prote\u00e7\u00e3o entre outros servi\u00e7os da primeira fase da obra est\u00e3o 96% conclu\u00eddas e tem previs\u00e3o de entrega no primeiro semestre deste ano. A previs\u00e3o \u00e9 de que as obras sejam entregues um ano ap\u00f3s a assinatura da ordem de servi\u00e7o. A Seinfra estima que o aeroporto seja entregue em 2017.<\/p>\n","protected":false},"excerpt":{"rendered":"<p>O edital para as obras do terminal de passageiros do novo aeroporto de Vit\u00f3ria da Conquista, no sudoeste baiano, dever\u00e1 ser lan\u00e7ado em fevereiro, segundo o secret\u00e1rio estadual de Infraestrutura (Seinfra), Marcus Cavalcanti. A obra est\u00e1 or\u00e7ada em R$ 45 milh\u00f5es. Amanh\u00e3, segundo a Seinfra, ser\u00e1 publicada libera\u00e7\u00e3o de conv\u00eanio entre o governo estadual e [&hellip;]<\/p>\n","protected":false},"author":2,"featured_media":0,"comment_status":"open","ping_status":"open","sticky":false,"template":"","format":"standard","meta":{"footnotes":"","_links_to":"","_links_to_target":""},"categories":[1],"tags":[],"class_list":["post-54952","post","type-post","status-publish","format-standard","hentry","category-geral"],"views":1091,"_links":{"self":[{"href":"https:\/\/www.sudoestehoje.com.br\/novoportal\/wp-json\/wp\/v2\/posts\/54952","targetHints":{"allow":["GET"]}}],"collection":[{"href":"https:\/\/www.sudoestehoje.com.br\/novoportal\/wp-json\/wp\/v2\/posts"}],"about":[{"href":"https:\/\/www.sudoestehoje.com.br\/novoportal\/wp-json\/wp\/v2\/types\/post"}],"author":[{"embeddable":true,"href":"https:\/\/www.sudoestehoje.com.br\/novoportal\/wp-json\/wp\/v2\/users\/2"}],"replies":[{"embeddable":true,"href":"https:\/\/www.sudoestehoje.com.br\/novoportal\/wp-json\/wp\/v2\/comments?post=54952"}],"version-history":[{"count":2,"href":"https:\/\/www.sudoestehoje.com.br\/novoportal\/wp-json\/wp\/v2\/posts\/54952\/revisions"}],"predecessor-version":[{"id":54955,"href":"https:\/\/www.sudoestehoje.com.br\/novoportal\/wp-json\/wp\/v2\/posts\/54952\/revisions\/54955"}],"wp:attachment":[{"href":"https:\/\/www.sudoestehoje.com.br\/novoportal\/wp-json\/wp\/v2\/media?parent=54952"}],"wp:term":[{"taxonomy":"category","embeddable":true,"href":"https:\/\/www.sudoestehoje.com.br\/novoportal\/wp-json\/wp\/v2\/categories?post=54952"},{"taxonomy":"post_tag","embeddable":true,"href":"https:\/\/www.sudoestehoje.com.br\/novoportal\/wp-json\/wp\/v2\/tags?post=54952"}],"curies":[{"name":"wp","href":"https:\/\/api.w.org\/{rel}","templated":true}]}}