
{"id":54931,"date":"2016-01-13T16:57:04","date_gmt":"2016-01-13T19:57:04","guid":{"rendered":"http:\/\/www.sudoestehoje.com.br\/novoportal\/?p=54931"},"modified":"2016-01-13T17:46:58","modified_gmt":"2016-01-13T20:46:58","slug":"aposentado-de-131-anos-morador-do-acre-pode-ser-o-homem-mais-velho-do-mundo","status":"publish","type":"post","link":"https:\/\/www.sudoestehoje.com.br\/novoportal\/2016\/01\/13\/aposentado-de-131-anos-morador-do-acre-pode-ser-o-homem-mais-velho-do-mundo\/","title":{"rendered":"APOSENTADO DE 131 ANOS, MORADOR DO ACRE, PODE SER O HOMEM MAIS VELHO DO MUNDO"},"content":{"rendered":"<div id=\"attachment_54932\" style=\"width: 510px\" class=\"wp-caption aligncenter\"><a href=\"http:\/\/www.sudoestehoje.com.br\/novoportal\/wp-content\/uploads\/2016\/01\/idoso_sena4.jpg\"><img loading=\"lazy\" decoding=\"async\" aria-describedby=\"caption-attachment-54932\" class=\"size-medium wp-image-54932\" src=\"http:\/\/www.sudoestehoje.com.br\/novoportal\/wp-content\/uploads\/2016\/01\/idoso_sena4-500x375.jpg\" alt=\"Hist\u00f3ria do homem foi revelada ap\u00f3s ele decidir ir ao INSS comprovar que est\u00e1 vivo para continuar recebendo a aposentadoria\" width=\"500\" height=\"375\" srcset=\"https:\/\/www.sudoestehoje.com.br\/novoportal\/wp-content\/uploads\/2016\/01\/idoso_sena4-500x375.jpg 500w, https:\/\/www.sudoestehoje.com.br\/novoportal\/wp-content\/uploads\/2016\/01\/idoso_sena4.jpg 620w\" sizes=\"auto, (max-width: 500px) 100vw, 500px\" \/><\/a><p id=\"caption-attachment-54932\" class=\"wp-caption-text\">Hist\u00f3ria do homem foi revelada ap\u00f3s ele decidir ir ao INSS comprovar que est\u00e1 vivo, para continuar recebendo a aposentadoria<\/p><\/div>\n<p><strong>O Globo<\/strong><\/p>\n<p>O Instituto Nacional do Seguro Social (INSS) no Acre divulgou esta semana a hist\u00f3ria do ex-seringueiro Jos\u00e9 Coelho de Souza, que teria 131 anos. Segundo a certid\u00e3o de nascimento, ele nasceu em 10 de mar\u00e7o de 1884, na cidade de Meruoca (CE). Morador da comunidade Estir\u00e3o do Alc\u00e2ntara, a 30 minutos de barco de Sena Madureira (AC), Souza teve que comprovar que ainda estava vivo para continuar recebendo a aposentadoria.<\/p>\n<p>Quando foi feita a visita do INSS \u00e0 casa do aposentado, ele teria 129 anos, por\u00e9m, a hist\u00f3ria s\u00f3 repercutiu ap\u00f3s uma postagem do gerente da ag\u00eancia central do INSS em Rio Branco, Kennedy Afonso, em sua p\u00e1gina pessoal no Facebook. \u201cOs \u00f3rg\u00e3os de controle externo cobram a comprova\u00e7\u00e3o de vida de pessoas seguradas com mais de 90 anos. Antigamente, as pessoas precisavam ir nas ag\u00eancias para essa atualiza\u00e7\u00e3o, mas agora o INSS faz isso e acabamos encontrando Souza. Um servidor de Sena Madureira foi no local e comprovou que ele ainda est\u00e1 vivo\u201d, explica.<\/p>\n<div id=\"attachment_54933\" style=\"width: 510px\" class=\"wp-caption aligncenter\"><a href=\"http:\/\/www.sudoestehoje.com.br\/novoportal\/wp-content\/uploads\/2016\/01\/carteira_P9b0KvQ.jpg\"><img loading=\"lazy\" decoding=\"async\" aria-describedby=\"caption-attachment-54933\" class=\"size-medium wp-image-54933\" src=\"http:\/\/www.sudoestehoje.com.br\/novoportal\/wp-content\/uploads\/2016\/01\/carteira_P9b0KvQ-500x375.jpg\" alt=\"Carteira de Trabalho\" width=\"500\" height=\"375\" srcset=\"https:\/\/www.sudoestehoje.com.br\/novoportal\/wp-content\/uploads\/2016\/01\/carteira_P9b0KvQ-500x375.jpg 500w, https:\/\/www.sudoestehoje.com.br\/novoportal\/wp-content\/uploads\/2016\/01\/carteira_P9b0KvQ.jpg 620w\" sizes=\"auto, (max-width: 500px) 100vw, 500px\" \/><\/a><p id=\"caption-attachment-54933\" class=\"wp-caption-text\">Carteira de Trabalho<\/p><\/div>\n<p><strong>Mulher de Jos\u00e9 \u00e9 69 anos mais nova<\/strong><\/p>\n<p>A filha do aposentado, Cirlene Souza, de 30 anos, n\u00e3o s\u00f3 confirmou que o pai ainda est\u00e1 vivo, como tamb\u00e9m lembrou que quando ela nasceu ele j\u00e1 tinha 101 anos. Pai de tr\u00eas filhos, ele mora com a esposa de 62 anos e uma neta de 16 anos, que cria como filha. \u201cTem dias que ele est\u00e1 l\u00facido, mas outros n\u00e3o reconhece nem mesmo os filhos. Ele era muito pequeno quando veio para o Acre, veio trabalhar na extra\u00e7\u00e3o de borracha em uma coloca\u00e7\u00e3o acima de Sena Madureira. Ele est\u00e1 com a minha m\u00e3e h\u00e1 mais de 40 anos e hoje depende da gente para tudo\u201d, conta a filha.<\/p>\n<div id=\"attachment_54934\" style=\"width: 510px\" class=\"wp-caption aligncenter\"><a href=\"http:\/\/www.sudoestehoje.com.br\/novoportal\/wp-content\/uploads\/2016\/01\/parte_certidao.jpg\"><img loading=\"lazy\" decoding=\"async\" aria-describedby=\"caption-attachment-54934\" class=\"size-medium wp-image-54934\" src=\"http:\/\/www.sudoestehoje.com.br\/novoportal\/wp-content\/uploads\/2016\/01\/parte_certidao-500x375.jpg\" alt=\"Registro de Nascimento\" width=\"500\" height=\"375\" srcset=\"https:\/\/www.sudoestehoje.com.br\/novoportal\/wp-content\/uploads\/2016\/01\/parte_certidao-500x375.jpg 500w, https:\/\/www.sudoestehoje.com.br\/novoportal\/wp-content\/uploads\/2016\/01\/parte_certidao.jpg 620w\" sizes=\"auto, (max-width: 500px) 100vw, 500px\" \/><\/a><p id=\"caption-attachment-54934\" class=\"wp-caption-text\">Registro de Nascimento<\/p><\/div>\n<p><a href=\"http:\/\/www.sudoestehoje.com.br\/novoportal\/wp-content\/uploads\/2016\/01\/parte_certidao.jpg\"><br \/>\n<\/a>Questionada se muita gente duvida da idade do aposentado, ela diz que a desconfian\u00e7a, por vezes, chega at\u00e9 a ser ofensiva.\u201dA gente ouve de tudo. Tem gente que critica, que diz que a gente est\u00e1 mentindo, outros admiram o fato dele viver tanto. \u00c0s vezes ofende porque est\u00e1 tudo registrado, os documentos dele j\u00e1 passaram por per\u00edcia para saber se eram falsificados e nada de anormal foi encontrado. Est\u00e1 tudo registrado em cart\u00f3rio e f\u00f3rum\u201d, destaca. H\u00e1 seis anos, segundo Cirlene, o pai teve um AVC e, por isso, n\u00e3o se locomove mais sem a ajuda de outras pessoas. A filha tamb\u00e9m conta que Souza j\u00e1 n\u00e3o escuta mais. \u201cTem muitos cuidados especiais, ele s\u00f3 se movimenta se a gente fizer isso por ele. Todo o tratamento que ele precisa \u00e9 a gente que tem que fazer\u201d, conta. Cirlene diz ainda que Jos\u00e9 Souza se alimenta tr\u00eas vezes ao dia e tem prefer\u00eancia por arroz, peixe e carne. \u201cCarne \u00e9 a comida preferida dele. S\u00f3 n\u00e3o gosta de feij\u00e3o\u201d, diz.<\/p>\n","protected":false},"excerpt":{"rendered":"<p>O Globo O Instituto Nacional do Seguro Social (INSS) no Acre divulgou esta semana a hist\u00f3ria do ex-seringueiro Jos\u00e9 Coelho de Souza, que teria 131 anos. Segundo a certid\u00e3o de nascimento, ele nasceu em 10 de mar\u00e7o de 1884, na cidade de Meruoca (CE). Morador da comunidade Estir\u00e3o do Alc\u00e2ntara, a 30 minutos de barco [&hellip;]<\/p>\n","protected":false},"author":2,"featured_media":0,"comment_status":"open","ping_status":"open","sticky":false,"template":"","format":"standard","meta":{"footnotes":"","_links_to":"","_links_to_target":""},"categories":[1],"tags":[],"class_list":["post-54931","post","type-post","status-publish","format-standard","hentry","category-geral"],"views":3480,"_links":{"self":[{"href":"https:\/\/www.sudoestehoje.com.br\/novoportal\/wp-json\/wp\/v2\/posts\/54931","targetHints":{"allow":["GET"]}}],"collection":[{"href":"https:\/\/www.sudoestehoje.com.br\/novoportal\/wp-json\/wp\/v2\/posts"}],"about":[{"href":"https:\/\/www.sudoestehoje.com.br\/novoportal\/wp-json\/wp\/v2\/types\/post"}],"author":[{"embeddable":true,"href":"https:\/\/www.sudoestehoje.com.br\/novoportal\/wp-json\/wp\/v2\/users\/2"}],"replies":[{"embeddable":true,"href":"https:\/\/www.sudoestehoje.com.br\/novoportal\/wp-json\/wp\/v2\/comments?post=54931"}],"version-history":[{"count":5,"href":"https:\/\/www.sudoestehoje.com.br\/novoportal\/wp-json\/wp\/v2\/posts\/54931\/revisions"}],"predecessor-version":[{"id":54940,"href":"https:\/\/www.sudoestehoje.com.br\/novoportal\/wp-json\/wp\/v2\/posts\/54931\/revisions\/54940"}],"wp:attachment":[{"href":"https:\/\/www.sudoestehoje.com.br\/novoportal\/wp-json\/wp\/v2\/media?parent=54931"}],"wp:term":[{"taxonomy":"category","embeddable":true,"href":"https:\/\/www.sudoestehoje.com.br\/novoportal\/wp-json\/wp\/v2\/categories?post=54931"},{"taxonomy":"post_tag","embeddable":true,"href":"https:\/\/www.sudoestehoje.com.br\/novoportal\/wp-json\/wp\/v2\/tags?post=54931"}],"curies":[{"name":"wp","href":"https:\/\/api.w.org\/{rel}","templated":true}]}}