
{"id":54917,"date":"2016-01-12T00:15:21","date_gmt":"2016-01-12T03:15:21","guid":{"rendered":"http:\/\/www.sudoestehoje.com.br\/novoportal\/?p=54917"},"modified":"2016-01-12T00:22:11","modified_gmt":"2016-01-12T03:22:11","slug":"aspra-diz-que-propaganda-da-secult-incita-preconceito-e-intolerancia-contra-pms","status":"publish","type":"post","link":"https:\/\/www.sudoestehoje.com.br\/novoportal\/2016\/01\/12\/aspra-diz-que-propaganda-da-secult-incita-preconceito-e-intolerancia-contra-pms\/","title":{"rendered":"ASPRA DIZ QUE PROPAGANDA DA SECULT INCITA PRECONCEITO E INTOLER\u00c2NCIA CONTRA PMs"},"content":{"rendered":"<p><a href=\"http:\/\/www.sudoestehoje.com.br\/novoportal\/wp-content\/uploads\/2016\/01\/ASPRA.jpg\"><img loading=\"lazy\" decoding=\"async\" class=\"aligncenter  wp-image-54918\" src=\"http:\/\/www.sudoestehoje.com.br\/novoportal\/wp-content\/uploads\/2016\/01\/ASPRA.jpg\" alt=\"ASPRA\" width=\"500\" height=\"375\" \/><\/a><\/p>\n<p>A Associa\u00e7\u00e3o dos Policiais e Bombeiros Militares do Estado da Bahia (Aspra) e o deputado estadual Soldado Prisco (PSDB) emitiram uma nota de rep\u00fadio contra uma campanha da Secretaria de Cultura do Estado da Bahia (Secult) que classificam como uma incita\u00e7\u00e3o \u201ca discrimina\u00e7\u00e3o, intoler\u00e2ncia e racismo contra os Policiais Militares do Estado da Bahia\u201d.<\/p>\n<p>Segundo a nota, Prisco, que al\u00e9m de deputado \u00e9 coordenador-geral da Aspra, acionou o jur\u00eddico da entidade com o objetivo de impetrar com mandado de seguran\u00e7a coletivo contra representante do \u00f3rg\u00e3o, pedindo retrata\u00e7\u00e3o e retirada imediata das pe\u00e7as publicit\u00e1rias das ruas, na manh\u00e3 desta segunda-feira.<\/p>\n<p>A den\u00fancia chegou ao deputado estadual por meio de militares, que trafegavam no bairro do Com\u00e9rcio (onde est\u00e1 a propaganda) e se surpreenderam com a Campanha da Secretaria de Cultura, Poesia de Rua, que ostentava imagem de uma mulher com os seguintes dizeres: \u201cMaria n\u00e3o amava Jo\u00e3o, apenas idolatrava seus p\u00e9s escuros. Quando Jo\u00e3o morreu, assassinado pela PM, Maria guardou todos seus sapatos\u201d.<\/p>\n<p>\u201cUm absurdo que o Governo do Estado da Bahia permita que uma de suas secretarias aja com discrimina\u00e7\u00e3o contra agentes p\u00fablicos. O que fizeram foi, al\u00e9m do preconceito, disseminar o \u00f3dio e a intoler\u00e2ncia contra os PMs da Bahia. Incentivam uma imagem equivocada dos militares. N\u00f3s n\u00e3o somos os criminosos, mas os respons\u00e1veis pelo combate da criminalidade\u201d, declarou o deputado Prisco.<\/p>\n<p><img decoding=\"async\" class=\"aligncenter\" src=\"http:\/\/www.sudoestehoje.com.br\/novoportal\/wp-content\/uploads\/2014\/06\/COOLEITE-PRODUTOS-500x249.jpg\" alt=\"COOLEITE PRODUTOS\" \/><\/p>\n","protected":false},"excerpt":{"rendered":"<p>A Associa\u00e7\u00e3o dos Policiais e Bombeiros Militares do Estado da Bahia (Aspra) e o deputado estadual Soldado Prisco (PSDB) emitiram uma nota de rep\u00fadio contra uma campanha da Secretaria de Cultura do Estado da Bahia (Secult) que classificam como uma incita\u00e7\u00e3o \u201ca discrimina\u00e7\u00e3o, intoler\u00e2ncia e racismo contra os Policiais Militares do Estado da Bahia\u201d. Segundo [&hellip;]<\/p>\n","protected":false},"author":2,"featured_media":0,"comment_status":"open","ping_status":"open","sticky":false,"template":"","format":"standard","meta":{"footnotes":"","_links_to":"","_links_to_target":""},"categories":[1],"tags":[],"class_list":["post-54917","post","type-post","status-publish","format-standard","hentry","category-geral"],"views":1166,"_links":{"self":[{"href":"https:\/\/www.sudoestehoje.com.br\/novoportal\/wp-json\/wp\/v2\/posts\/54917","targetHints":{"allow":["GET"]}}],"collection":[{"href":"https:\/\/www.sudoestehoje.com.br\/novoportal\/wp-json\/wp\/v2\/posts"}],"about":[{"href":"https:\/\/www.sudoestehoje.com.br\/novoportal\/wp-json\/wp\/v2\/types\/post"}],"author":[{"embeddable":true,"href":"https:\/\/www.sudoestehoje.com.br\/novoportal\/wp-json\/wp\/v2\/users\/2"}],"replies":[{"embeddable":true,"href":"https:\/\/www.sudoestehoje.com.br\/novoportal\/wp-json\/wp\/v2\/comments?post=54917"}],"version-history":[{"count":2,"href":"https:\/\/www.sudoestehoje.com.br\/novoportal\/wp-json\/wp\/v2\/posts\/54917\/revisions"}],"predecessor-version":[{"id":54920,"href":"https:\/\/www.sudoestehoje.com.br\/novoportal\/wp-json\/wp\/v2\/posts\/54917\/revisions\/54920"}],"wp:attachment":[{"href":"https:\/\/www.sudoestehoje.com.br\/novoportal\/wp-json\/wp\/v2\/media?parent=54917"}],"wp:term":[{"taxonomy":"category","embeddable":true,"href":"https:\/\/www.sudoestehoje.com.br\/novoportal\/wp-json\/wp\/v2\/categories?post=54917"},{"taxonomy":"post_tag","embeddable":true,"href":"https:\/\/www.sudoestehoje.com.br\/novoportal\/wp-json\/wp\/v2\/tags?post=54917"}],"curies":[{"name":"wp","href":"https:\/\/api.w.org\/{rel}","templated":true}]}}