
{"id":54901,"date":"2016-01-11T21:20:28","date_gmt":"2016-01-12T00:20:28","guid":{"rendered":"http:\/\/www.sudoestehoje.com.br\/novoportal\/?p=54901"},"modified":"2016-01-12T00:23:11","modified_gmt":"2016-01-12T03:23:11","slug":"itapetinga-seca-se-agrava-na-regiao-e-gado-comeca-a-morrer","status":"publish","type":"post","link":"https:\/\/www.sudoestehoje.com.br\/novoportal\/2016\/01\/11\/itapetinga-seca-se-agrava-na-regiao-e-gado-comeca-a-morrer\/","title":{"rendered":"ITAPETINGA: SECA SE AGRAVA NA REGI\u00c3O E GADO COME\u00c7A A MORRER"},"content":{"rendered":"<p><a href=\"http:\/\/www.sudoestehoje.com.br\/novoportal\/wp-content\/uploads\/2016\/01\/gado.jpg\"><img loading=\"lazy\" decoding=\"async\" class=\"aligncenter size-medium wp-image-54902\" src=\"http:\/\/www.sudoestehoje.com.br\/novoportal\/wp-content\/uploads\/2016\/01\/gado-500x300.jpg\" alt=\"gado\" width=\"500\" height=\"300\" srcset=\"https:\/\/www.sudoestehoje.com.br\/novoportal\/wp-content\/uploads\/2016\/01\/gado-500x300.jpg 500w, https:\/\/www.sudoestehoje.com.br\/novoportal\/wp-content\/uploads\/2016\/01\/gado-700x420.jpg 700w, https:\/\/www.sudoestehoje.com.br\/novoportal\/wp-content\/uploads\/2016\/01\/gado.jpg 960w\" sizes=\"auto, (max-width: 500px) 100vw, 500px\" \/><\/a><\/p>\n<p>Apesar da chuvas espa\u00e7as que ca\u00edram em algumas localidades da micro-regi\u00e3o de Itapetinga, nos \u00faltimos dias, a seca continua castigando a zona rural e dificultando o abastecimento de \u00e1gua nas cidades. Rios e c\u00f3rregos antes caudalosos, est\u00e3o secando e comprometendo o abastecimento de \u00e1gua em munic\u00edpios de toda a regi\u00e3o, como Itarantim, Maiquinique, Itamb\u00e9, Itoror\u00f3, Ibicu\u00ed e Firmino Alves, dentre outras.<\/p>\n<p>Em Itapetinga, a vas\u00e3o do Rio Catol\u00e9 est\u00e1 muito baixa, comprometendo a capta\u00e7\u00e3o do SAAE, que j\u00e1 avisou da possibilidade de faltar \u00e1gua na cidade, se n\u00e3o chover na regi\u00e3o, neste m\u00eas de janeiro. A capta\u00e7\u00e3o de \u00e1gua na nascente do Catol\u00e9 em Barra do Cho\u00e7a, pela Embasa, para abastecer Vit\u00f3ria da Conquista, \u00e9 preocupante e pode se agravar, na medida que a demanda aumente na &#8216;capital do sudoeste&#8217;.<\/p>\n<p>A\u00e7udes secaram por toda a regi\u00e3o e grande parte do gado j\u00e1 foi transferida para a Regi\u00e3o Oeste, onde existem fazendas de confinamento. O gado que n\u00e3o pode ser transferido para outras regi\u00f5es, corre o risco de morrer, fato que j\u00e1 vem ocorrendo em muitos munic\u00edpios.<\/p>\n<p>Na manh\u00e3 desta segunda-feira (11), o Sudoeste Hoje flagrou em uma fazenda do munic\u00edpio de Potiragu\u00e1, algumas carca\u00e7as de vacas mortas, pr\u00f3ximo \u00e0 rodovia Potiragu\u00e1 &#8211; Cor\u00e9ia.<\/p>\n<p><strong><em>Por Davi Ferraz\u00a0<\/em><\/strong><\/p>\n<p><img decoding=\"async\" class=\"aligncenter\" src=\"http:\/\/www.sudoestehoje.com.br\/novoportal\/wp-content\/uploads\/2015\/12\/NATAL-SUPERMODA-500x167.jpg\" alt=\"NATAL SUPERMODA\" \/><\/p>\n","protected":false},"excerpt":{"rendered":"<p>Apesar da chuvas espa\u00e7as que ca\u00edram em algumas localidades da micro-regi\u00e3o de Itapetinga, nos \u00faltimos dias, a seca continua castigando a zona rural e dificultando o abastecimento de \u00e1gua nas cidades. Rios e c\u00f3rregos antes caudalosos, est\u00e3o secando e comprometendo o abastecimento de \u00e1gua em munic\u00edpios de toda a regi\u00e3o, como Itarantim, Maiquinique, Itamb\u00e9, Itoror\u00f3, [&hellip;]<\/p>\n","protected":false},"author":2,"featured_media":0,"comment_status":"open","ping_status":"open","sticky":false,"template":"","format":"standard","meta":{"footnotes":"","_links_to":"","_links_to_target":""},"categories":[1],"tags":[],"class_list":["post-54901","post","type-post","status-publish","format-standard","hentry","category-geral"],"views":2379,"_links":{"self":[{"href":"https:\/\/www.sudoestehoje.com.br\/novoportal\/wp-json\/wp\/v2\/posts\/54901","targetHints":{"allow":["GET"]}}],"collection":[{"href":"https:\/\/www.sudoestehoje.com.br\/novoportal\/wp-json\/wp\/v2\/posts"}],"about":[{"href":"https:\/\/www.sudoestehoje.com.br\/novoportal\/wp-json\/wp\/v2\/types\/post"}],"author":[{"embeddable":true,"href":"https:\/\/www.sudoestehoje.com.br\/novoportal\/wp-json\/wp\/v2\/users\/2"}],"replies":[{"embeddable":true,"href":"https:\/\/www.sudoestehoje.com.br\/novoportal\/wp-json\/wp\/v2\/comments?post=54901"}],"version-history":[{"count":3,"href":"https:\/\/www.sudoestehoje.com.br\/novoportal\/wp-json\/wp\/v2\/posts\/54901\/revisions"}],"predecessor-version":[{"id":54921,"href":"https:\/\/www.sudoestehoje.com.br\/novoportal\/wp-json\/wp\/v2\/posts\/54901\/revisions\/54921"}],"wp:attachment":[{"href":"https:\/\/www.sudoestehoje.com.br\/novoportal\/wp-json\/wp\/v2\/media?parent=54901"}],"wp:term":[{"taxonomy":"category","embeddable":true,"href":"https:\/\/www.sudoestehoje.com.br\/novoportal\/wp-json\/wp\/v2\/categories?post=54901"},{"taxonomy":"post_tag","embeddable":true,"href":"https:\/\/www.sudoestehoje.com.br\/novoportal\/wp-json\/wp\/v2\/tags?post=54901"}],"curies":[{"name":"wp","href":"https:\/\/api.w.org\/{rel}","templated":true}]}}