
{"id":54890,"date":"2016-01-11T18:08:14","date_gmt":"2016-01-11T21:08:14","guid":{"rendered":"http:\/\/www.sudoestehoje.com.br\/novoportal\/?p=54890"},"modified":"2016-01-12T00:27:09","modified_gmt":"2016-01-12T03:27:09","slug":"a-terra-tremeu-em-firmino-alves-neste-domingo","status":"publish","type":"post","link":"https:\/\/www.sudoestehoje.com.br\/novoportal\/2016\/01\/11\/a-terra-tremeu-em-firmino-alves-neste-domingo\/","title":{"rendered":"A TERRA TREMEU EM FIRMINO ALVES, NESTE DOMINGO"},"content":{"rendered":"<p><a href=\"http:\/\/www.sudoestehoje.com.br\/novoportal\/wp-content\/uploads\/2016\/01\/FIRMINO-ALVES.jpg\"><img loading=\"lazy\" decoding=\"async\" class=\"aligncenter size-medium wp-image-54891\" src=\"http:\/\/www.sudoestehoje.com.br\/novoportal\/wp-content\/uploads\/2016\/01\/FIRMINO-ALVES-500x375.jpg\" alt=\"FIRMINO ALVES\" width=\"500\" height=\"375\" srcset=\"https:\/\/www.sudoestehoje.com.br\/novoportal\/wp-content\/uploads\/2016\/01\/FIRMINO-ALVES-500x375.jpg 500w, https:\/\/www.sudoestehoje.com.br\/novoportal\/wp-content\/uploads\/2016\/01\/FIRMINO-ALVES-700x525.jpg 700w, https:\/\/www.sudoestehoje.com.br\/novoportal\/wp-content\/uploads\/2016\/01\/FIRMINO-ALVES.jpg 800w\" sizes=\"auto, (max-width: 500px) 100vw, 500px\" \/><\/a><\/p>\n<p>Mais um tremor de terra foi sentido na Bahia. Dessa vez, o pequeno terremoto foi registrado nesse domingo (10) em Firmino Alves, cidade localizada no Sul da Bahia.<\/p>\n<p>De acordo com\u00a0o Centro de Sismologia da Universidade de S\u00e3o Paulo (USP), o tremo que atingiu o munic\u00edpio foi de magnitude 3.0 na escala Richter.<\/p>\n<p>Segundo informa\u00e7\u00f5es do site Bahia Not\u00edcias, h\u00e1 relatos de que o tremor tenha sido sentido tamb\u00e9m por moradores de Itaju do Col\u00f4nia, que fica a 40 Km de Firmino Alves.<\/p>\n<p>Apesar do susto, ningu\u00e9m ficou ferido com o tremor. Tamb\u00e9m n\u00e3o h\u00e1 informa\u00e7\u00f5es sobre poss\u00edveis danos causados pelo terremoto. Esse foi o segundo abalo s\u00edsmico registrado na Bahia em dois meses.<\/p>\n<p><img decoding=\"async\" class=\"aligncenter\" src=\"http:\/\/www.sudoestehoje.com.br\/novoportal\/wp-content\/uploads\/2015\/12\/FEIRA-DO-LAR-NATAL-500x185.jpg\" alt=\"FEIRA DO LAR NATAL\" \/><\/p>\n","protected":false},"excerpt":{"rendered":"<p>Mais um tremor de terra foi sentido na Bahia. Dessa vez, o pequeno terremoto foi registrado nesse domingo (10) em Firmino Alves, cidade localizada no Sul da Bahia. De acordo com\u00a0o Centro de Sismologia da Universidade de S\u00e3o Paulo (USP), o tremo que atingiu o munic\u00edpio foi de magnitude 3.0 na escala Richter. Segundo informa\u00e7\u00f5es [&hellip;]<\/p>\n","protected":false},"author":2,"featured_media":0,"comment_status":"open","ping_status":"open","sticky":false,"template":"","format":"standard","meta":{"footnotes":"","_links_to":"","_links_to_target":""},"categories":[1],"tags":[],"class_list":["post-54890","post","type-post","status-publish","format-standard","hentry","category-geral"],"views":2649,"_links":{"self":[{"href":"https:\/\/www.sudoestehoje.com.br\/novoportal\/wp-json\/wp\/v2\/posts\/54890","targetHints":{"allow":["GET"]}}],"collection":[{"href":"https:\/\/www.sudoestehoje.com.br\/novoportal\/wp-json\/wp\/v2\/posts"}],"about":[{"href":"https:\/\/www.sudoestehoje.com.br\/novoportal\/wp-json\/wp\/v2\/types\/post"}],"author":[{"embeddable":true,"href":"https:\/\/www.sudoestehoje.com.br\/novoportal\/wp-json\/wp\/v2\/users\/2"}],"replies":[{"embeddable":true,"href":"https:\/\/www.sudoestehoje.com.br\/novoportal\/wp-json\/wp\/v2\/comments?post=54890"}],"version-history":[{"count":3,"href":"https:\/\/www.sudoestehoje.com.br\/novoportal\/wp-json\/wp\/v2\/posts\/54890\/revisions"}],"predecessor-version":[{"id":54925,"href":"https:\/\/www.sudoestehoje.com.br\/novoportal\/wp-json\/wp\/v2\/posts\/54890\/revisions\/54925"}],"wp:attachment":[{"href":"https:\/\/www.sudoestehoje.com.br\/novoportal\/wp-json\/wp\/v2\/media?parent=54890"}],"wp:term":[{"taxonomy":"category","embeddable":true,"href":"https:\/\/www.sudoestehoje.com.br\/novoportal\/wp-json\/wp\/v2\/categories?post=54890"},{"taxonomy":"post_tag","embeddable":true,"href":"https:\/\/www.sudoestehoje.com.br\/novoportal\/wp-json\/wp\/v2\/tags?post=54890"}],"curies":[{"name":"wp","href":"https:\/\/api.w.org\/{rel}","templated":true}]}}